{"id":3225,"date":"2014-11-15T19:10:47","date_gmt":"2014-11-15T17:10:47","guid":{"rendered":"http:\/\/www.gasilci-vir.si\/?p=3225"},"modified":"2014-11-15T19:10:47","modified_gmt":"2014-11-15T17:10:47","slug":"18-srecanje-veteranov-gz-domzale","status":"publish","type":"post","link":"http:\/\/www.gasilci-vir.si\/?p=3225","title":{"rendered":"18.sre\u010danje veteranov GZ Dom\u017eale"},"content":{"rendered":"<p style=\"text-align: justify;\">\n\t<strong>Gasilska zveza Dom\u017eale in PGD \u017deje &#8211; Sveta Trojica tradicionalno vsako leto v dvorani gasilskega doma \u017deje &ndash; Sveta trojica priredita sprejem za gasilske veterane iz vseh gasilskih dru&scaron;tev Gasilske zveze Dom\u017eale. Letos je sre\u010danje gasilskih veteranov potekalo \u017ee 18. zapored. Sre\u010danje je hkrati tudi odli\u010dna prilo\u017enost za dru\u017eenje in obujanje spominov.<\/strong>\n<\/p>\n<p style=\"text-align: justify;\">\n\t18. sre\u010danje veteranov Gasilske zveze Dom\u017eale je v dvorani gasilskega doma \u017deje &ndash; Sveta Trojica potekalo v petek, 14. novembra 2014. Na sre\u010danju, ki se ga je udele\u017eilo veliko &scaron;tevilo gasilskih veteranov, je najprej vse navzo\u010de pozdravil predsednik Komisije za veterane pri GZ Dom\u017eale, <em><strong>Franc Pirnat,<\/strong><\/em> nato je poro\u010dilo o delu veteranov v preteklem letu podal \u010dastni predsednik GZ Dom\u017eale, <em><strong>Marjan Slatnar.<\/strong><\/em> Navzo\u010de so pozdravili tudi \u010dastni poveljnik GZ Dom\u017eale <em><strong>Janez Breceljnik, Ivan Lebar<\/strong><\/em> iz GZ Morav\u010de, <em><strong>Ciril Podmil&scaron;ak<\/strong><\/em> iz GZ Lukovica, <em><strong>Janez Vidic<\/strong><\/em> iz gasilske regije Ljubljana III ter podpredsednik GZ Dom\u017eale, <em><strong>Tone Pavli\u010d.<\/strong><\/em>\n<\/p>\n<p style=\"text-align: justify;\">\n\t<a href=\"http:\/\/www.gasilci-vir.si\/wp-content\/uploads\/2014\/11\/vet1.jpg\"><img decoding=\"async\" loading=\"lazy\" alt=\"vet1\" class=\"alignnone size-medium wp-image-3226\" height=\"199\" src=\"http:\/\/www.gasilci-vir.si\/wp-content\/uploads\/2014\/11\/vet1-300x199.jpg\" width=\"300\" srcset=\"http:\/\/www.gasilci-vir.si\/wp-content\/uploads\/2014\/11\/vet1-300x199.jpg 300w, http:\/\/www.gasilci-vir.si\/wp-content\/uploads\/2014\/11\/vet1-1024x680.jpg 1024w, http:\/\/www.gasilci-vir.si\/wp-content\/uploads\/2014\/11\/vet1.jpg 1322w\" sizes=\"(max-width: 300px) 100vw, 300px\" \/><\/a><a href=\"http:\/\/www.gasilci-vir.si\/wp-content\/uploads\/2014\/11\/vet2.jpg\"><img decoding=\"async\" loading=\"lazy\" alt=\"vet2\" class=\"alignnone size-medium wp-image-3227\" height=\"199\" src=\"http:\/\/www.gasilci-vir.si\/wp-content\/uploads\/2014\/11\/vet2-300x199.jpg\" width=\"300\" srcset=\"http:\/\/www.gasilci-vir.si\/wp-content\/uploads\/2014\/11\/vet2-300x199.jpg 300w, http:\/\/www.gasilci-vir.si\/wp-content\/uploads\/2014\/11\/vet2-1024x680.jpg 1024w, http:\/\/www.gasilci-vir.si\/wp-content\/uploads\/2014\/11\/vet2.jpg 1322w\" sizes=\"(max-width: 300px) 100vw, 300px\" \/><\/a><a href=\"http:\/\/www.gasilci-vir.si\/wp-content\/uploads\/2014\/11\/vet3.jpg\"><img decoding=\"async\" loading=\"lazy\" alt=\"vet3\" class=\"alignnone size-medium wp-image-3228\" height=\"199\" src=\"http:\/\/www.gasilci-vir.si\/wp-content\/uploads\/2014\/11\/vet3-300x199.jpg\" width=\"300\" srcset=\"http:\/\/www.gasilci-vir.si\/wp-content\/uploads\/2014\/11\/vet3-300x199.jpg 300w, http:\/\/www.gasilci-vir.si\/wp-content\/uploads\/2014\/11\/vet3-1024x680.jpg 1024w, http:\/\/www.gasilci-vir.si\/wp-content\/uploads\/2014\/11\/vet3.jpg 1322w\" sizes=\"(max-width: 300px) 100vw, 300px\" \/><\/a>\n<\/p>\n<p style=\"text-align: justify;\">\n\t&nbsp;\n<\/p>\n<p style=\"text-align: justify;\">\n\tvir in ve\u010d na <a href=\"http:\/\/www.domzalec.si\/18-srecanje-veteranov-gasilske-zveze-domzale\">DOMZALEC.SI<\/a><\/p>\n","protected":false},"excerpt":{"rendered":"<p>Gasilska zveza Dom\u017eale in PGD \u017deje &#8211; Sveta Trojica tradicionalno vsako leto v dvorani gasilskega doma \u017deje &ndash; Sveta trojica priredita sprejem za gasilske veterane iz vseh gasilskih dru&scaron;tev Gasilske zveze Dom\u017eale. Letos je sre\u010danje gasilskih veteranov potekalo \u017ee 18. zapored. Sre\u010danje je hkrati tudi odli\u010dna prilo\u017enost za dru\u017eenje in obujanje spominov. 18. sre\u010danje veteranov [&hellip;]<\/p>\n","protected":false},"author":4,"featured_media":0,"comment_status":"closed","ping_status":"closed","sticky":false,"template":"","format":"standard","meta":{"ngg_post_thumbnail":0},"categories":[1],"tags":[],"post_mailing_queue_ids":[],"_links":{"self":[{"href":"http:\/\/www.gasilci-vir.si\/index.php?rest_route=\/wp\/v2\/posts\/3225"}],"collection":[{"href":"http:\/\/www.gasilci-vir.si\/index.php?rest_route=\/wp\/v2\/posts"}],"about":[{"href":"http:\/\/www.gasilci-vir.si\/index.php?rest_route=\/wp\/v2\/types\/post"}],"author":[{"embeddable":true,"href":"http:\/\/www.gasilci-vir.si\/index.php?rest_route=\/wp\/v2\/users\/4"}],"replies":[{"embeddable":true,"href":"http:\/\/www.gasilci-vir.si\/index.php?rest_route=%2Fwp%2Fv2%2Fcomments&post=3225"}],"version-history":[{"count":1,"href":"http:\/\/www.gasilci-vir.si\/index.php?rest_route=\/wp\/v2\/posts\/3225\/revisions"}],"predecessor-version":[{"id":3229,"href":"http:\/\/www.gasilci-vir.si\/index.php?rest_route=\/wp\/v2\/posts\/3225\/revisions\/3229"}],"wp:attachment":[{"href":"http:\/\/www.gasilci-vir.si\/index.php?rest_route=%2Fwp%2Fv2%2Fmedia&parent=3225"}],"wp:term":[{"taxonomy":"category","embeddable":true,"href":"http:\/\/www.gasilci-vir.si\/index.php?rest_route=%2Fwp%2Fv2%2Fcategories&post=3225"},{"taxonomy":"post_tag","embeddable":true,"href":"http:\/\/www.gasilci-vir.si\/index.php?rest_route=%2Fwp%2Fv2%2Ftags&post=3225"}],"curies":[{"name":"wp","href":"https:\/\/api.w.org\/{rel}","templated":true}]}}