{"id":3355,"date":"2015-02-08T07:51:13","date_gmt":"2015-02-08T05:51:13","guid":{"rendered":"http:\/\/www.gasilci-vir.si\/?p=3355"},"modified":"2015-02-08T07:51:13","modified_gmt":"2015-02-08T05:51:13","slug":"3355","status":"publish","type":"post","link":"http:\/\/www.gasilci-vir.si\/?p=3355","title":{"rendered":""},"content":{"rendered":"<p style=\"margin: 0px; padding: 0px 0px 10px; border: 0px; outline: 0px; font-size: 12px; vertical-align: baseline; color: rgb(50, 50, 50); font-family: Arial, Helvetica, sans-serif; line-height: 18px; text-align: justify; background: rgb(255, 255, 255);\">\n\t<strong style=\"margin: 0px; padding: 0px; border: 0px; outline: 0px; vertical-align: baseline; background: transparent;\">V\u010deraj malo pred 13. uro je pri&scaron;lo do hudo prometne nesre\u010de na kri\u017ei&scaron;\u010du v Trzinu, ki vodi naprej proti Dom\u017ealam. Vozilo, ki je po trzinski obvoznici pripeljalo iz smeri Ljubljane proti Dom\u017ealam, je iz neznanega vzroka zapeljalo v jarek in se prevrnilo na streho. Pri tem naj bi mlaj&scaron;a oseba mo&scaron;kega spola umrla.<\/strong>\n<\/p>\n<p style=\"margin: 0px; padding: 0px 0px 10px; border: 0px; outline: 0px; font-size: 12px; vertical-align: baseline; color: rgb(50, 50, 50); font-family: Arial, Helvetica, sans-serif; line-height: 18px; text-align: justify; background: rgb(255, 255, 255);\">\n\tKot je za na&scaron; portal povedal vodja izmene CPV Dom\u017eale,<em style=\"margin: 0px; padding: 0px; border: 0px; outline: 0px; vertical-align: baseline; background: transparent;\"><strong style=\"margin: 0px; padding: 0px; border: 0px; outline: 0px; vertical-align: baseline; background: transparent;\">Bogdan Poto\u010dnik,<\/strong><\/em>&nbsp;so bili o nesre\u010di obve&scaron;\u010deni ob 12.43 uri. Na kraj nesre\u010de se je takoj podalo pet poklicnih gasilcev CPV Dom\u017eale s tremi vozili, ki so najprej zavarovali kraj nesre\u010de in takoj nudili pomo\u010d re&scaron;evalcem NMP Dom\u017eale pri&nbsp; reanimaciji ponesre\u010denca v vozilu. Skupaj so posku&scaron;ali o\u017eiveti ponesre\u010denca, a jim na \u017ealost ni uspelo.\n<\/p>\n<p style=\"margin: 0px; padding: 0px 0px 10px; border: 0px; outline: 0px; font-size: 12px; vertical-align: baseline; color: rgb(50, 50, 50); font-family: Arial, Helvetica, sans-serif; line-height: 18px; text-align: justify; background: rgb(255, 255, 255);\">\n\tve\u010d na<a href=\"http:\/\/www.domzalec.si\/na-trzinski-obvoznici-osebno-vozilo-zapeljalo-v-jarek-ena-oseba-umrla\"> DOMZALEC.SI<\/a>\n<\/p>\n<p style=\"margin: 0px; padding: 0px 0px 10px; border: 0px; outline: 0px; font-size: 12px; vertical-align: baseline; color: rgb(50, 50, 50); font-family: Arial, Helvetica, sans-serif; line-height: 18px; text-align: justify; background: rgb(255, 255, 255);\">\n\t<img decoding=\"async\" src=\"http:\/\/www.domzalec.si\/modules\/aktualno\/uploads\/img_9551.jpg\" \/><\/p>\n","protected":false},"excerpt":{"rendered":"<p>V\u010deraj malo pred 13. uro je pri&scaron;lo do hudo prometne nesre\u010de na kri\u017ei&scaron;\u010du v Trzinu, ki vodi naprej proti Dom\u017ealam. Vozilo, ki je po trzinski obvoznici pripeljalo iz smeri Ljubljane proti Dom\u017ealam, je iz neznanega vzroka zapeljalo v jarek in se prevrnilo na streho. Pri tem naj bi mlaj&scaron;a oseba mo&scaron;kega spola umrla. Kot je [&hellip;]<\/p>\n","protected":false},"author":4,"featured_media":0,"comment_status":"closed","ping_status":"closed","sticky":false,"template":"","format":"standard","meta":{"ngg_post_thumbnail":0},"categories":[1],"tags":[],"post_mailing_queue_ids":[],"_links":{"self":[{"href":"http:\/\/www.gasilci-vir.si\/index.php?rest_route=\/wp\/v2\/posts\/3355"}],"collection":[{"href":"http:\/\/www.gasilci-vir.si\/index.php?rest_route=\/wp\/v2\/posts"}],"about":[{"href":"http:\/\/www.gasilci-vir.si\/index.php?rest_route=\/wp\/v2\/types\/post"}],"author":[{"embeddable":true,"href":"http:\/\/www.gasilci-vir.si\/index.php?rest_route=\/wp\/v2\/users\/4"}],"replies":[{"embeddable":true,"href":"http:\/\/www.gasilci-vir.si\/index.php?rest_route=%2Fwp%2Fv2%2Fcomments&post=3355"}],"version-history":[{"count":1,"href":"http:\/\/www.gasilci-vir.si\/index.php?rest_route=\/wp\/v2\/posts\/3355\/revisions"}],"predecessor-version":[{"id":3356,"href":"http:\/\/www.gasilci-vir.si\/index.php?rest_route=\/wp\/v2\/posts\/3355\/revisions\/3356"}],"wp:attachment":[{"href":"http:\/\/www.gasilci-vir.si\/index.php?rest_route=%2Fwp%2Fv2%2Fmedia&parent=3355"}],"wp:term":[{"taxonomy":"category","embeddable":true,"href":"http:\/\/www.gasilci-vir.si\/index.php?rest_route=%2Fwp%2Fv2%2Fcategories&post=3355"},{"taxonomy":"post_tag","embeddable":true,"href":"http:\/\/www.gasilci-vir.si\/index.php?rest_route=%2Fwp%2Fv2%2Ftags&post=3355"}],"curies":[{"name":"wp","href":"https:\/\/api.w.org\/{rel}","templated":true}]}}