{"id":3393,"date":"2015-03-31T20:19:56","date_gmt":"2015-03-31T18:19:56","guid":{"rendered":"http:\/\/www.gasilci-vir.si\/?p=3393"},"modified":"2015-03-31T20:19:56","modified_gmt":"2015-03-31T18:19:56","slug":"cistilna-akcija","status":"publish","type":"post","link":"http:\/\/www.gasilci-vir.si\/?p=3393","title":{"rendered":"\u010cistilna akcija"},"content":{"rendered":"<p>\n\tSon\u010dna sobota in gasilci se spet odzovemo prostovoljnemu delu, pa saj smo prostovoljci ali ne?\n<\/p>\n<p>\n\tSeveda, \u010distilna akcija v ob\u010dini je tradicionalna vsako leto, zato smo tudi letos Virski gasilci poskrbeli za naravo. Zbrali smo se ob 9 uri pri gasilskem domu na Viru. Mladi in stari gasilci smo se podali ob poteh na Podre\u010dju in ob glavni &Scaron;aranovi\u010devi cesti, ter osvobodili naravo nesnage in smeti, ki jih je najve\u010d v centru in ob parkiri&scaron;\u010dih. 15 prostovoljcev veselo ugotavlja, da se je letos nabralo manj smeti kot prej&scaron;nja leta in to ne pomeni, da nismo bili temeljiti kot prej&scaron;nja leta pa\u010d pa, da je smeti vedno manj in so obremenjena le parkiri&scaron;\u010da, kjer tudi ni ko&scaron;ev za odpadke zato je tega vse ve\u010d po tleh.\n<\/p>\n<p>\n\tPo zaklju\u010dku je sledilo &scaron;e okrep\u010dilo in akcija je bila za nami. Virski gasilci\n<\/p>\n<p>\n\t.<a href=\"http:\/\/www.gasilci-vir.si\/wp-content\/uploads\/2015\/03\/DSCN12171.jpg\"><img decoding=\"async\" loading=\"lazy\" alt=\"DSCN1217\" class=\"alignnone size-medium wp-image-3392\" height=\"225\" src=\"http:\/\/www.gasilci-vir.si\/wp-content\/uploads\/2015\/03\/DSCN12171-300x225.jpg\" width=\"300\" srcset=\"http:\/\/www.gasilci-vir.si\/wp-content\/uploads\/2015\/03\/DSCN12171-300x225.jpg 300w, http:\/\/www.gasilci-vir.si\/wp-content\/uploads\/2015\/03\/DSCN12171-1024x768.jpg 1024w\" sizes=\"(max-width: 300px) 100vw, 300px\" \/><\/a><a href=\"http:\/\/www.gasilci-vir.si\/wp-content\/uploads\/2015\/03\/DSCN1221.jpg\"><img decoding=\"async\" loading=\"lazy\" alt=\"DSCN1221\" class=\"alignnone size-medium wp-image-3390\" height=\"225\" src=\"http:\/\/www.gasilci-vir.si\/wp-content\/uploads\/2015\/03\/DSCN1221-300x225.jpg\" width=\"300\" srcset=\"http:\/\/www.gasilci-vir.si\/wp-content\/uploads\/2015\/03\/DSCN1221-300x225.jpg 300w, http:\/\/www.gasilci-vir.si\/wp-content\/uploads\/2015\/03\/DSCN1221-1024x768.jpg 1024w\" sizes=\"(max-width: 300px) 100vw, 300px\" \/><\/a><a href=\"http:\/\/www.gasilci-vir.si\/wp-content\/uploads\/2015\/03\/DSCN1220.jpg\"><img decoding=\"async\" loading=\"lazy\" alt=\"DSCN1220\" class=\"alignnone size-medium wp-image-3389\" height=\"225\" src=\"http:\/\/www.gasilci-vir.si\/wp-content\/uploads\/2015\/03\/DSCN1220-300x225.jpg\" width=\"300\" srcset=\"http:\/\/www.gasilci-vir.si\/wp-content\/uploads\/2015\/03\/DSCN1220-300x225.jpg 300w, http:\/\/www.gasilci-vir.si\/wp-content\/uploads\/2015\/03\/DSCN1220-1024x768.jpg 1024w\" sizes=\"(max-width: 300px) 100vw, 300px\" \/><\/a>\n<\/p>\n<div>\n<div aria-label=\"Skrij raz\u0161irjeno vsebino\" data-tooltip=\"Skrij raz\u0161irjeno vsebino\" id=\":nh\" role=\"button\" style=\"clear:both;\" tabindex=\"0\">\n\t\t<img decoding=\"async\" src=\"https:\/\/ssl.gstatic.com\/ui\/v1\/icons\/mail\/images\/cleardot.gif\" style=\"height:8px;width:20px;\" \/>\n\t<\/div>\n<\/div>\n<p>\n\t&nbsp;\n<\/p>\n<p>\n\t&nbsp;<\/p>\n","protected":false},"excerpt":{"rendered":"<p>Son\u010dna sobota in gasilci se spet odzovemo prostovoljnemu delu, pa saj smo prostovoljci ali ne? Seveda, \u010distilna akcija v ob\u010dini je tradicionalna vsako leto, zato smo tudi letos Virski gasilci poskrbeli za naravo. Zbrali smo se ob 9 uri pri gasilskem domu na Viru. Mladi in stari gasilci smo se podali ob poteh na Podre\u010dju [&hellip;]<\/p>\n","protected":false},"author":4,"featured_media":0,"comment_status":"closed","ping_status":"closed","sticky":false,"template":"","format":"standard","meta":{"ngg_post_thumbnail":0},"categories":[1],"tags":[],"post_mailing_queue_ids":[],"_links":{"self":[{"href":"http:\/\/www.gasilci-vir.si\/index.php?rest_route=\/wp\/v2\/posts\/3393"}],"collection":[{"href":"http:\/\/www.gasilci-vir.si\/index.php?rest_route=\/wp\/v2\/posts"}],"about":[{"href":"http:\/\/www.gasilci-vir.si\/index.php?rest_route=\/wp\/v2\/types\/post"}],"author":[{"embeddable":true,"href":"http:\/\/www.gasilci-vir.si\/index.php?rest_route=\/wp\/v2\/users\/4"}],"replies":[{"embeddable":true,"href":"http:\/\/www.gasilci-vir.si\/index.php?rest_route=%2Fwp%2Fv2%2Fcomments&post=3393"}],"version-history":[{"count":1,"href":"http:\/\/www.gasilci-vir.si\/index.php?rest_route=\/wp\/v2\/posts\/3393\/revisions"}],"predecessor-version":[{"id":3394,"href":"http:\/\/www.gasilci-vir.si\/index.php?rest_route=\/wp\/v2\/posts\/3393\/revisions\/3394"}],"wp:attachment":[{"href":"http:\/\/www.gasilci-vir.si\/index.php?rest_route=%2Fwp%2Fv2%2Fmedia&parent=3393"}],"wp:term":[{"taxonomy":"category","embeddable":true,"href":"http:\/\/www.gasilci-vir.si\/index.php?rest_route=%2Fwp%2Fv2%2Fcategories&post=3393"},{"taxonomy":"post_tag","embeddable":true,"href":"http:\/\/www.gasilci-vir.si\/index.php?rest_route=%2Fwp%2Fv2%2Ftags&post=3393"}],"curies":[{"name":"wp","href":"https:\/\/api.w.org\/{rel}","templated":true}]}}