{"id":3396,"date":"2015-04-11T05:38:58","date_gmt":"2015-04-11T03:38:58","guid":{"rendered":"http:\/\/www.gasilci-vir.si\/?p=3396"},"modified":"2015-04-11T05:41:08","modified_gmt":"2015-04-11T03:41:08","slug":"domzale-91","status":"publish","type":"post","link":"http:\/\/www.gasilci-vir.si\/?p=3396","title":{"rendered":"Dom\u017eale"},"content":{"rendered":"<p style=\"margin: 0px 0px 6px; color: rgb(20, 24, 35); font-family: helvetica, arial, 'lucida grande', sans-serif; font-size: 14px; line-height: 19.3199996948242px;\">\n\tUradni prevzem 200 kW agregata za primer naravnih nesre\u010d<br \/>\n\tV sredo, 8. aprila 2015 je pred poslopjem Centra po\u017earne varnosti na Koli\u010devem \u017eupan, Toni Dragar Civilni za&scaron;\u010diti predal v uporabo 200 kW agregat za primer naravnih nesre\u010d.\n<\/p>\n<p style=\"margin: 6px 0px; color: rgb(20, 24, 35); font-family: helvetica, arial, 'lucida grande', sans-serif; font-size: 14px; line-height: 19.3199996948242px;\">\n\tOb\u010dina Dom\u017eale se je odlo\u010dila za nakup ve\u010djega in zmogljivej&scaron;ega agregata, ki bo v primeru naravnih nesre\u010d lahko nadomestil eno transformatorsko postajo, oziroma lahko nadomestil elektri\u010dno energijo za pribli\u017eno 50 do 70 hi&scaron;. Za nakup agregata je Ob\u010d<span class=\"text_exposed_show\" style=\"display: inline;\">ina Dom\u017eale od&scaron;tela 24.000 EUR. Zaprta izvedba agregata je prilagojena za uporabo na prostem, lahko pa je name&scaron;\u010den tudi v zaprtem prostoru. Postavitev v notranjih prostorih je smiselna predvsem tam, kjer je potrebna za&scaron;\u010dita okolja pred vplivi hrupa agregata ali za&scaron;\u010dita agregata pred vplivi okolja ali nepoobla&scaron;\u010denih oseb.<\/span>\n<\/p>\n<div class=\"text_exposed_show\" style=\"display: inline; color: rgb(20, 24, 35); font-family: helvetica, arial, 'lucida grande', sans-serif; font-size: 14px; line-height: 19.3199996948242px;\">\n<p style=\"margin: 0px 0px 6px;\">\n\t\tNa uradnem prevzemu agregata so se zbrali pripadniki &Scaron;taba Civilne za&scaron;\u010dite Ob\u010dine Dom\u017eale. \u017dupan, Toni Dragar je agregat predal poveljniku Civilne za&scaron;\u010dite, Marku \u017dagarju, ta pa ga je v upravljanje predal podjetju Eltekoma, Marko Kotnik s.p. Za hrambo bo poskrbel Center po\u017earne varnosti Dom\u017eale. Agregat bo vsak \u010das na razpolago in tudi vedno usposobljen za uporabo, je v uvodu povedal vodja Oddelka za premo\u017eenjske zadeve Ob\u010dine Dom\u017eale, Peter Gubanc.\n\t<\/p>\n<p style=\"margin: 6px 0px;\">\n\t\tOb tej prilo\u017enosti je \u017eupan, Toni Dragar poudaril, da je zgodba o nakupu tak&scaron;nega agregata nastala lani ob \u017eledolomu, ko je v nekaterih naseljih pri&scaron;lo do izpada elektri\u010dne energije.\n\t<\/p>\n<p style=\"margin: 6px 0px;\">\n\t\t&raquo;Takrat smo pogre&scaron;ali zmogljivej&scaron;i agregat in nismo imeli primerne re&scaron;itve, saj se z malimi agregati ni dalo veliko re&scaron;iti. Sedaj bomo agregat lahko uporabili v primeru naravnih nesre\u010d, posodili ga bomo lahko tudi drugam, pobratenim ob\u010dinam doma in v tujino, \u010de bo to potrebno,&laquo; je povedal \u017eupan in se ob koncu zahvalil tudi Centru po\u017earne varnosti Dom\u017eale, da bo agregat lahko pri njih v hrambi ter dodal, da je Ob\u010dina Dom\u017eale &scaron;la v nakup zmogljivej&scaron;ega agregata zato, da bi bila &scaron;e bolje pripravljena v primeru naravnih nesre\u010d, a \u017eeleli bi si, da ga v te namene sploh ne bi potrebovali\n\t<\/p>\n<p style=\"margin: 6px 0px;\">\n\t\t.<a href=\"http:\/\/www.gasilci-vir.si\/wp-content\/uploads\/2015\/04\/11057652_819010758181433_6387348278884521716_o.jpg\"><img decoding=\"async\" loading=\"lazy\" alt=\"11057652_819010758181433_6387348278884521716_o\" class=\"alignnone size-medium wp-image-3398\" height=\"217\" src=\"http:\/\/www.gasilci-vir.si\/wp-content\/uploads\/2015\/04\/11057652_819010758181433_6387348278884521716_o-300x217.jpg\" width=\"300\" srcset=\"http:\/\/www.gasilci-vir.si\/wp-content\/uploads\/2015\/04\/11057652_819010758181433_6387348278884521716_o-300x217.jpg 300w, http:\/\/www.gasilci-vir.si\/wp-content\/uploads\/2015\/04\/11057652_819010758181433_6387348278884521716_o-1024x740.jpg 1024w, http:\/\/www.gasilci-vir.si\/wp-content\/uploads\/2015\/04\/11057652_819010758181433_6387348278884521716_o.jpg 2048w\" sizes=\"(max-width: 300px) 100vw, 300px\" \/><\/a><a href=\"http:\/\/www.gasilci-vir.si\/wp-content\/uploads\/2015\/04\/11102847_819010764848099_5480937288238961421_o.jpg\"><img decoding=\"async\" loading=\"lazy\" alt=\"11102847_819010764848099_5480937288238961421_o\" class=\"alignnone size-medium wp-image-3399\" height=\"205\" src=\"http:\/\/www.gasilci-vir.si\/wp-content\/uploads\/2015\/04\/11102847_819010764848099_5480937288238961421_o-300x205.jpg\" width=\"300\" srcset=\"http:\/\/www.gasilci-vir.si\/wp-content\/uploads\/2015\/04\/11102847_819010764848099_5480937288238961421_o-300x205.jpg 300w, http:\/\/www.gasilci-vir.si\/wp-content\/uploads\/2015\/04\/11102847_819010764848099_5480937288238961421_o-1024x700.jpg 1024w, http:\/\/www.gasilci-vir.si\/wp-content\/uploads\/2015\/04\/11102847_819010764848099_5480937288238961421_o.jpg 2048w\" sizes=\"(max-width: 300px) 100vw, 300px\" \/><\/a>\n\t<\/p>\n<\/div>\n","protected":false},"excerpt":{"rendered":"<p>Uradni prevzem 200 kW agregata za primer naravnih nesre\u010d V sredo, 8. aprila 2015 je pred poslopjem Centra po\u017earne varnosti na Koli\u010devem \u017eupan, Toni Dragar Civilni za&scaron;\u010diti predal v uporabo 200 kW agregat za primer naravnih nesre\u010d. Ob\u010dina Dom\u017eale se je odlo\u010dila za nakup ve\u010djega in zmogljivej&scaron;ega agregata, ki bo v primeru naravnih nesre\u010d lahko [&hellip;]<\/p>\n","protected":false},"author":4,"featured_media":0,"comment_status":"closed","ping_status":"closed","sticky":false,"template":"","format":"standard","meta":{"ngg_post_thumbnail":0},"categories":[1],"tags":[],"post_mailing_queue_ids":[],"_links":{"self":[{"href":"http:\/\/www.gasilci-vir.si\/index.php?rest_route=\/wp\/v2\/posts\/3396"}],"collection":[{"href":"http:\/\/www.gasilci-vir.si\/index.php?rest_route=\/wp\/v2\/posts"}],"about":[{"href":"http:\/\/www.gasilci-vir.si\/index.php?rest_route=\/wp\/v2\/types\/post"}],"author":[{"embeddable":true,"href":"http:\/\/www.gasilci-vir.si\/index.php?rest_route=\/wp\/v2\/users\/4"}],"replies":[{"embeddable":true,"href":"http:\/\/www.gasilci-vir.si\/index.php?rest_route=%2Fwp%2Fv2%2Fcomments&post=3396"}],"version-history":[{"count":2,"href":"http:\/\/www.gasilci-vir.si\/index.php?rest_route=\/wp\/v2\/posts\/3396\/revisions"}],"predecessor-version":[{"id":3400,"href":"http:\/\/www.gasilci-vir.si\/index.php?rest_route=\/wp\/v2\/posts\/3396\/revisions\/3400"}],"wp:attachment":[{"href":"http:\/\/www.gasilci-vir.si\/index.php?rest_route=%2Fwp%2Fv2%2Fmedia&parent=3396"}],"wp:term":[{"taxonomy":"category","embeddable":true,"href":"http:\/\/www.gasilci-vir.si\/index.php?rest_route=%2Fwp%2Fv2%2Fcategories&post=3396"},{"taxonomy":"post_tag","embeddable":true,"href":"http:\/\/www.gasilci-vir.si\/index.php?rest_route=%2Fwp%2Fv2%2Ftags&post=3396"}],"curies":[{"name":"wp","href":"https:\/\/api.w.org\/{rel}","templated":true}]}}