{"id":3448,"date":"2015-06-09T17:46:29","date_gmt":"2015-06-09T15:46:29","guid":{"rendered":"http:\/\/www.gasilci-vir.si\/?p=3448"},"modified":"2015-06-09T17:46:29","modified_gmt":"2015-06-09T15:46:29","slug":"sektorska-vaja-v-dobu","status":"publish","type":"post","link":"http:\/\/www.gasilci-vir.si\/?p=3448","title":{"rendered":"Sektorska vaja v Dobu"},"content":{"rendered":"<table border=\"0\" cellpadding=\"0\" cellspacing=\"0\" style=\"margin: 0px; padding: 0px; outline: 0px; border-collapse: collapse; border-spacing: 0px; color: rgb(50, 50, 50); font-family: Arial, Helvetica, sans-serif; font-size: 12px; line-height: 18px;\" width=\"100%\">\n<tbody style=\"margin: 0px; padding: 0px; outline: 0px;\">\n<tr style=\"margin: 0px; padding: 0px; outline: 0px;\">\n<td style=\"margin: 0px; padding: 0px; outline: 0px;\">\n\t\t\t\t&nbsp;\n\t\t\t<\/td>\n<\/tr>\n<\/tbody>\n<\/table>\n<p>\n\t<a class=\"cbox cboxElement\" href=\"http:\/\/www.domzalec.si\/modules\/aktualno\/uploads\/dsc05450.jpg\" rel=\"cbox\" style=\"margin: 0px; padding: 0px; font-size: 12px; vertical-align: baseline; outline: none; -webkit-transition: color 0.15s ease-out, text-shadow 0.25s ease-out; transition: color 0.15s ease-out, text-shadow 0.25s ease-out; color: rgb(10, 143, 225); font-family: Arial, Helvetica, sans-serif; line-height: 18px; background-image: initial; background-attachment: initial; background-size: initial; background-origin: initial; background-clip: initial; background-position: initial; background-repeat: initial;\"><img decoding=\"async\" alt=\"\u00bbV Dobu so se gasilci spopadli z ognjenimi zublji na stanovanjsko-poslovnem objektu\u00ab\" class=\"novpic\" src=\"http:\/\/www.domzalec.si\/modules\/aktualno\/uploads\/thumbnails\/dsc05450.jpg\" style=\"margin: 0px 0px 5px 20px; padding: 0px; border-width: 0px; border-style: initial; outline: 0px; vertical-align: baseline; float: right; display: inline; background: transparent;\" \/><\/a>\n<\/p>\n<p style=\"margin: 0px; padding: 0px 0px 10px; border: 0px; outline: 0px; font-size: 12px; vertical-align: baseline; color: rgb(50, 50, 50); font-family: Arial, Helvetica, sans-serif; line-height: 18px; text-align: justify; background-image: initial; background-attachment: initial; background-size: initial; background-origin: initial; background-clip: initial; background-position: initial; background-repeat: initial;\">\n\t<strong style=\"margin: 0px; padding: 0px; border: 0px; outline: 0px; vertical-align: baseline; background: transparent;\">V Dobu je v torek, 2. junija 2015, potekala gasilsko-re&scaron;evalna vaja na stanovanjsko poslovni objekt (trgovina Tu&scaron;, KS Dob in Po&scaron;ta). Na vaji je z devetimi gasilskimi vozili sodelovalo 48 gasilk in gasilcev, 8 \u010dlanov prve pomo\u010di ter 9 markerjev &#8211; po&scaron;kodovancev, ki so jih gasilci in gasilke iskali v mo\u010dno zadimljenem objektu.<\/strong>\n<\/p>\n<p style=\"margin: 0px; padding: 0px 0px 10px; border: 0px; outline: 0px; font-size: 12px; vertical-align: baseline; color: rgb(50, 50, 50); font-family: Arial, Helvetica, sans-serif; line-height: 18px; text-align: justify; background-image: initial; background-attachment: initial; background-size: initial; background-origin: initial; background-clip: initial; background-position: initial; background-repeat: initial;\">\n\tNa gasilsko-re&scaron;evalni vaji, ki so jo pripravili ob 125-letnici delovanja dru&scaron;tva, so sodelovali doma\u010di gasilci PGD Dob, PGD Vir, PGD Studenec, PGD \u017deje Sveta Trojica, PGD Prevoje ter poklicni gasilci CPV Koli\u010devo, ki so pripeljali tudi avto lestev. V enoti prve pomo\u010di so sodelovali \u010dlani iz Doba, Studenca in Vira.<br \/>\n\tVodja intervencije je bil poveljnik PGD Dob,&nbsp;<em style=\"margin: 0px; padding: 0px; border: 0px; outline: 0px; vertical-align: baseline; background: transparent;\"><strong style=\"margin: 0px; padding: 0px; border: 0px; outline: 0px; vertical-align: baseline; background: transparent;\">Jure Rogelj,<\/strong><\/em>ocenjevalca vaje pa sta bila poveljnik Gasilske zveze Dom\u017eale,&nbsp;<em style=\"margin: 0px; padding: 0px; border: 0px; outline: 0px; vertical-align: baseline; background: transparent;\"><strong style=\"margin: 0px; padding: 0px; border: 0px; outline: 0px; vertical-align: baseline; background: transparent;\">Matja\u017e Merku\u017ei\u010d<\/strong><\/em>&nbsp;in povabljeni vidni \u010dlan iz PGD Borovnica pri Vrhniki,&nbsp;<em style=\"margin: 0px; padding: 0px; border: 0px; outline: 0px; vertical-align: baseline; background: transparent;\"><strong style=\"margin: 0px; padding: 0px; border: 0px; outline: 0px; vertical-align: baseline; background: transparent;\">Vilijem Mevec.<\/strong><\/em>\n<\/p>\n<p style=\"margin: 0px; padding: 0px 0px 10px; border: 0px; outline: 0px; font-size: 12px; vertical-align: baseline; color: rgb(50, 50, 50); font-family: Arial, Helvetica, sans-serif; line-height: 18px; text-align: justify; background-image: initial; background-attachment: initial; background-size: initial; background-origin: initial; background-clip: initial; background-position: initial; background-repeat: initial;\">\n\tVajo si je ogledalo tudi ve\u010dje &scaron;tevilo krajank in krajanov Doba. Na koncu vaje v postroju so de\u017eevale \u010destitke ob 125 letnic gasilstva v Dobu, za kar se je predsednik PGD Dob,&nbsp;<em style=\"margin: 0px; padding: 0px; border: 0px; outline: 0px; vertical-align: baseline; background: transparent;\"><strong style=\"margin: 0px; padding: 0px; border: 0px; outline: 0px; vertical-align: baseline; background: transparent;\">Luka Pu&scaron;nik<\/strong><\/em>&nbsp;vsem iskreno zahvalil in vse navzo\u010de povabil na dogodke, ki se bodo vrstili ta teden ob tem visokem jubileju.\n<\/p>\n<p style=\"margin: 0px; padding: 0px 0px 10px; border: 0px; outline: 0px; font-size: 12px; vertical-align: baseline; color: rgb(50, 50, 50); font-family: Arial, Helvetica, sans-serif; line-height: 18px; text-align: justify; background-image: initial; background-attachment: initial; background-size: initial; background-origin: initial; background-clip: initial; background-position: initial; background-repeat: initial;\">\n\tVe\u010d o prihajajo\u010dem praznovanju 125-letnice si lahko preberete&nbsp;<a href=\"http:\/\/www.domzalec.si\/gasilci-pgd-dob-bodo-praznovali-125-letnico-delovanja\" style=\"margin: 0px; padding: 0px; vertical-align: baseline; outline: none; -webkit-transition: color 0.15s ease-out, text-shadow 0.25s ease-out; transition: color 0.15s ease-out, text-shadow 0.25s ease-out; color: rgb(10, 143, 225); background: transparent;\" target=\"_blank\">TUKAJ.<\/a>\n<\/p>\n<h3 style=\"margin: 0px; padding: 8px 0px 6px; border: 0px; outline: 0px; font-size: 18px; vertical-align: baseline; font-family: Cuprum; line-height: 22px; color: rgb(10, 143, 225); text-align: justify; background-image: initial; background-attachment: initial; background-size: initial; background-origin: initial; background-clip: initial; background-position: initial; background-repeat: initial;\">\n\t<span style=\"margin: 0px; padding: 0px; border: 0px; outline: 0px; vertical-align: baseline; color: rgb(167, 51, 51); background: transparent;\">Ve\u010d fotoutrinkov z vaje si lahko ogledate&nbsp;<a href=\"https:\/\/plus.google.com\/photos\/103723979209860323317\/albums\/6155907117671148257\" style=\"margin: 0px; padding: 0px; vertical-align: baseline; outline: none; -webkit-transition: color 0.15s ease-out, text-shadow 0.25s ease-out; transition: color 0.15s ease-out, text-shadow 0.25s ease-out; color: rgb(10, 143, 225); background: transparent;\" target=\"_blank\">TUKAJ.<\/a><\/span><br \/>\n<\/h3>\n<p style=\"margin: 0px; padding: 0px 0px 10px; border: 0px; outline: 0px; font-size: 12px; vertical-align: baseline; color: rgb(50, 50, 50); font-family: Arial, Helvetica, sans-serif; line-height: 18px; background-image: initial; background-attachment: initial; background-size: initial; background-origin: initial; background-clip: initial; background-position: initial; background-repeat: initial;\">\n\t<em style=\"margin: 0px; padding: 0px; border: 0px; outline: 0px; vertical-align: baseline; background: transparent;\">Avtor: Miro Pivar; Foto, video: Miro Pivar<\/em><\/p>\n","protected":false},"excerpt":{"rendered":"<p>&nbsp; V Dobu je v torek, 2. junija 2015, potekala gasilsko-re&scaron;evalna vaja na stanovanjsko poslovni objekt (trgovina Tu&scaron;, KS Dob in Po&scaron;ta). Na vaji je z devetimi gasilskimi vozili sodelovalo 48 gasilk in gasilcev, 8 \u010dlanov prve pomo\u010di ter 9 markerjev &#8211; po&scaron;kodovancev, ki so jih gasilci in gasilke iskali v mo\u010dno zadimljenem objektu. Na [&hellip;]<\/p>\n","protected":false},"author":4,"featured_media":0,"comment_status":"closed","ping_status":"closed","sticky":false,"template":"","format":"standard","meta":{"ngg_post_thumbnail":0},"categories":[1],"tags":[],"post_mailing_queue_ids":[],"_links":{"self":[{"href":"http:\/\/www.gasilci-vir.si\/index.php?rest_route=\/wp\/v2\/posts\/3448"}],"collection":[{"href":"http:\/\/www.gasilci-vir.si\/index.php?rest_route=\/wp\/v2\/posts"}],"about":[{"href":"http:\/\/www.gasilci-vir.si\/index.php?rest_route=\/wp\/v2\/types\/post"}],"author":[{"embeddable":true,"href":"http:\/\/www.gasilci-vir.si\/index.php?rest_route=\/wp\/v2\/users\/4"}],"replies":[{"embeddable":true,"href":"http:\/\/www.gasilci-vir.si\/index.php?rest_route=%2Fwp%2Fv2%2Fcomments&post=3448"}],"version-history":[{"count":1,"href":"http:\/\/www.gasilci-vir.si\/index.php?rest_route=\/wp\/v2\/posts\/3448\/revisions"}],"predecessor-version":[{"id":3449,"href":"http:\/\/www.gasilci-vir.si\/index.php?rest_route=\/wp\/v2\/posts\/3448\/revisions\/3449"}],"wp:attachment":[{"href":"http:\/\/www.gasilci-vir.si\/index.php?rest_route=%2Fwp%2Fv2%2Fmedia&parent=3448"}],"wp:term":[{"taxonomy":"category","embeddable":true,"href":"http:\/\/www.gasilci-vir.si\/index.php?rest_route=%2Fwp%2Fv2%2Fcategories&post=3448"},{"taxonomy":"post_tag","embeddable":true,"href":"http:\/\/www.gasilci-vir.si\/index.php?rest_route=%2Fwp%2Fv2%2Ftags&post=3448"}],"curies":[{"name":"wp","href":"https:\/\/api.w.org\/{rel}","templated":true}]}}