{"id":3450,"date":"2015-06-09T17:48:16","date_gmt":"2015-06-09T15:48:16","guid":{"rendered":"http:\/\/www.gasilci-vir.si\/?p=3450"},"modified":"2015-06-09T17:48:16","modified_gmt":"2015-06-09T15:48:16","slug":"pozar-v-vrtcu-palcek-na-viru","status":"publish","type":"post","link":"http:\/\/www.gasilci-vir.si\/?p=3450","title":{"rendered":"Po\u017ear v vrtcu Pal\u010dek na Viru"},"content":{"rendered":"<div id=\"viewone\" style=\"margin: 0px; padding: 0px; border: 0px; outline: 0px; font-size: 12px; vertical-align: baseline; color: rgb(50, 50, 50); font-family: Arial, Helvetica, sans-serif; line-height: 18px; background: transparent;\">\n<p class=\"novdate\" style=\"margin: 0px; padding: 10px 0px; border: 0px; outline: 0px; font-size: 11px; vertical-align: baseline; color: rgb(131, 131, 131); background: transparent;\">\n\t\tKronika &nbsp;|&nbsp; 04. jun 2015\n\t<\/p>\n<h1 style=\"margin: 0px; padding: 0px 0px 16px; border: 0px; outline: 0px; font-size: 24px; vertical-align: baseline; font-family: Cuprum; color: rgb(10, 143, 225); line-height: 28px; background: transparent;\">\n\t\tOgnjeni zublji zajeli stavbo vrtca Pal\u010dek na Viru<br \/>\n\t<\/h1>\n<p>\t<a class=\"cbox cboxElement\" href=\"http:\/\/www.domzalec.si\/modules\/aktualno\/uploads\/img_20150604_175409.jpg\" rel=\"cbox\" style=\"margin: 0px; padding: 0px; vertical-align: baseline; outline: none; -webkit-transition: color 0.15s ease-out, text-shadow 0.25s ease-out; transition: color 0.15s ease-out, text-shadow 0.25s ease-out; color: rgb(10, 143, 225); background: transparent;\"><img decoding=\"async\" alt=\"Ognjeni zublji zajeli stavbo vrtca Pal\u010dek na Viru\" class=\"novpic\" src=\"http:\/\/www.domzalec.si\/modules\/aktualno\/uploads\/thumbnails\/img_20150604_175409.jpg\" style=\"margin: 0px 0px 5px 20px; padding: 0px; border-width: 0px; border-style: initial; outline: 0px; vertical-align: baseline; float: right; display: inline; background: transparent;\" \/><\/a><\/p>\n<p style=\"margin: 0px; padding: 0px 0px 10px; border: 0px; outline: 0px; vertical-align: baseline; text-align: justify; background: transparent;\">\n\t\t<strong style=\"margin: 0px; padding: 0px; border: 0px; outline: 0px; vertical-align: baseline; background: transparent;\">Ob 17.28 uri je bil Regijski center za obve&scaron;\u010danje seznanjen o po\u017earu vrtca Pal\u010dek na Viru pri Dom\u017ealah. Tja so takoj odhiteli poklicni gasilci CPV Dom\u017eale, gasilci PGD Vir, PGD Dob, PGD Studenec in PGD Dom\u017eale-mesto ter policisti PP Dom\u017eale.<\/strong>\n\t<\/p>\n<p style=\"margin: 0px; padding: 0px 0px 10px; border: 0px; outline: 0px; vertical-align: baseline; text-align: justify; background: transparent;\">\n\t\tZa na&scaron; portal je vodja intervencije,&nbsp;<em style=\"margin: 0px; padding: 0px; border: 0px; outline: 0px; vertical-align: baseline; background: transparent;\"><strong style=\"margin: 0px; padding: 0px; border: 0px; outline: 0px; vertical-align: baseline; background: transparent;\">Matja\u017e Hribar<\/strong><\/em>&nbsp;iz CPV Dom\u017eale povedal, da naj bi bil po vsej verjetnosti vzrok po\u017eara, napaka na elektri\u010dni napeljavi v kuhinji. Zagorela je namre\u010d elektro omarica, ogenj pa je nato zajel elektro napeljavo v ve\u010d prostorih. Prav tako se je ogenj raz&scaron;iril &scaron;e v podstre&scaron;ni prostor.\n\t<\/p>\n<p style=\"margin: 0px; padding: 0px 0px 10px; border: 0px; outline: 0px; vertical-align: baseline; text-align: justify; background: transparent;\">\n\t\tPo besedah Hribarja so gasilci ogenj hitro omejili in pogasili. Se pa na sre\u010do v \u010dasu po\u017eara v prostorih vrtca niso nahajali otroci. Trenutno se na kraju po\u017eara nahajajo &scaron;e doma\u010di gasilci PGD Vir. Kolik&scaron;na &scaron;koda naj bi bila se zaenkrat &scaron;e ne ve, zagotovo pa ne bo majhna.\n\t<\/p>\n<p style=\"margin: 0px; padding: 0px 0px 10px; border: 0px; outline: 0px; vertical-align: baseline; text-align: justify; background: transparent;\">\n\t\t<span style=\"margin: 0px; padding: 0px; border: 0px; outline: 0px; vertical-align: baseline; color: rgb(167, 51, 51); background: transparent;\"><strong style=\"margin: 0px; padding: 0px; border: 0px; outline: 0px; vertical-align: baseline; background: transparent;\">Nujno obvestilo za star&scaron;e otrok enote Pal\u010dek<\/strong><\/span>\n\t<\/p>\n<p style=\"margin: 0px; padding: 0px 0px 10px; border: 0px; outline: 0px; vertical-align: baseline; text-align: justify; background: transparent;\">\n\t\tIz Vrtca Dom\u017eale sporo\u010dajo, da bo zaradi po\u017eara v kuhinji enote Pal\u010dek jutri, v petek, 5. 6. 2015, vrtec Pal\u010dek zaprt. Star&scaron;e prosijo, \u010de si lahko varstvo za svojega otroka organizirajo druga\u010de. Za zelo nujne primere bodo organizirali varstvo v ve\u010dnamenskem prostoru v enoti Gaj Preserje. O nadaljnjem poteku dogodkov boste obve&scaron;\u010deni na njihovi<a href=\"http:\/\/www.vrtec-domzale.si\/\" style=\"margin: 0px; padding: 0px; vertical-align: baseline; outline: none; -webkit-transition: color 0.15s ease-out, text-shadow 0.25s ease-out; transition: color 0.15s ease-out, text-shadow 0.25s ease-out; color: rgb(10, 143, 225); background: transparent;\" target=\"_blank\">spletni strani.<\/a>\n\t<\/p>\n<p style=\"margin: 0px; padding: 0px 0px 10px; border: 0px; outline: 0px; vertical-align: baseline; background: transparent;\">\n\t\t<em style=\"margin: 0px; padding: 0px; border: 0px; outline: 0px; vertical-align: baseline; background: transparent;\">Avtor: Miha Ul\u010dar; Foto: K.B., Janez Ravnikar<\/em>\n\t<\/p>\n<p>\t&nbsp;<\/p>\n<h2 style=\"margin: 0px; padding: 10px 0px 8px; border: 0px; outline: 0px; font-size: 22px; vertical-align: baseline; font-family: Cuprum; line-height: 26px; color: rgb(10, 143, 225); background: transparent;\">\n\t\tFotogalerija<br \/>\n\t<\/h2>\n<div style=\"margin: 0px 20px 10px 0px; padding: 0px; border: 0px; outline: 0px; font-size: 11px; vertical-align: baseline; float: left; display: inline; width: 196px; text-align: center; line-height: 13px; background: transparent;\">\n\t\t<a class=\"cbox cboxElement\" href=\"http:\/\/www.domzalec.si\/modules\/aktualno\/uploads\/img_20150604_175409.jpg\" rel=\"cbox\" style=\"margin: 0px; padding: 0px; vertical-align: baseline; outline: none; -webkit-transition: color 0.15s ease-out, text-shadow 0.25s ease-out; transition: color 0.15s ease-out, text-shadow 0.25s ease-out; color: rgb(10, 143, 225); background: transparent;\" title=\"\"><img decoding=\"async\" src=\"http:\/\/www.domzalec.si\/modules\/aktualno\/uploads\/crop\/img_20150604_175409.jpg\" style=\"margin: 0px; padding: 0px; border-width: 0px; border-style: initial; outline: 0px; vertical-align: baseline; background: transparent;\" \/><\/a>\n\t<\/div>\n<div style=\"margin: 0px 20px 10px 0px; padding: 0px; border: 0px; outline: 0px; font-size: 11px; vertical-align: baseline; float: left; display: inline; width: 196px; text-align: center; line-height: 13px; background: transparent;\">\n\t\t<a class=\"cbox cboxElement\" href=\"http:\/\/www.domzalec.si\/modules\/aktualno\/uploads\/img_20150604_175615.jpg\" rel=\"cbox\" style=\"margin: 0px; padding: 0px; vertical-align: baseline; outline: none; -webkit-transition: color 0.15s ease-out, text-shadow 0.25s ease-out; transition: color 0.15s ease-out, text-shadow 0.25s ease-out; color: rgb(10, 143, 225); background: transparent;\" title=\"\"><img decoding=\"async\" src=\"http:\/\/www.domzalec.si\/modules\/aktualno\/uploads\/crop\/img_20150604_175615.jpg\" style=\"margin: 0px; padding: 0px; border-width: 0px; border-style: initial; outline: 0px; vertical-align: baseline; background: transparent;\" \/><\/a>\n\t<\/div>\n<div style=\"margin: 0px 20px 10px 0px; padding: 0px; border: 0px; outline: 0px; font-size: 11px; vertical-align: baseline; float: left; display: inline; width: 196px; text-align: center; line-height: 13px; background: transparent;\">\n\t\t<a class=\"cbox cboxElement\" href=\"http:\/\/www.domzalec.si\/modules\/aktualno\/uploads\/dsc_0557_copy3.jpg\" rel=\"cbox\" style=\"margin: 0px; padding: 0px; vertical-align: baseline; outline: none; -webkit-transition: color 0.15s ease-out, text-shadow 0.25s ease-out; transition: color 0.15s ease-out, text-shadow 0.25s ease-out; color: rgb(10, 143, 225); background: transparent;\" title=\"\"><img decoding=\"async\" src=\"http:\/\/www.domzalec.si\/modules\/aktualno\/uploads\/crop\/dsc_0557_copy3.jpg\" style=\"margin: 0px; padding: 0px; border-width: 0px; border-style: initial; outline: 0px; vertical-align: baseline; background: transparent;\" \/><\/a>\n\t<\/div>\n<p>\t&nbsp;<\/p>\n<div style=\"margin: 0px 20px 10px 0px; padding: 0px; border: 0px; outline: 0px; font-size: 11px; vertical-align: baseline; float: left; display: inline; width: 196px; text-align: center; line-height: 13px; background: transparent;\">\n\t\t<a class=\"cbox cboxElement\" href=\"http:\/\/www.domzalec.si\/modules\/aktualno\/uploads\/dsc_0555_copy2.jpg\" rel=\"cbox\" style=\"margin: 0px; padding: 0px; vertical-align: baseline; outline: none; -webkit-transition: color 0.15s ease-out, text-shadow 0.25s ease-out; transition: color 0.15s ease-out, text-shadow 0.25s ease-out; color: rgb(10, 143, 225); background: transparent;\" title=\"\"><img decoding=\"async\" src=\"http:\/\/www.domzalec.si\/modules\/aktualno\/uploads\/crop\/dsc_0555_copy2.jpg\" style=\"margin: 0px; padding: 0px; border-width: 0px; border-style: initial; outline: 0px; vertical-align: baseline; background: transparent;\" \/><\/a>\n\t<\/div>\n<div style=\"margin: 0px 20px 10px 0px; padding: 0px; border: 0px; outline: 0px; font-size: 11px; vertical-align: baseline; float: left; display: inline; width: 196px; text-align: center; line-height: 13px; background: transparent;\">\n\t\t<a class=\"cbox cboxElement\" href=\"http:\/\/www.domzalec.si\/modules\/aktualno\/uploads\/dsc_0553.jpg\" rel=\"cbox\" style=\"margin: 0px; padding: 0px; vertical-align: baseline; outline: none; -webkit-transition: color 0.15s ease-out, text-shadow 0.25s ease-out; transition: color 0.15s ease-out, text-shadow 0.25s ease-out; color: rgb(10, 143, 225); background: transparent;\" title=\"\"><img decoding=\"async\" src=\"http:\/\/www.domzalec.si\/modules\/aktualno\/uploads\/crop\/dsc_0553.jpg\" style=\"margin: 0px; padding: 0px; border-width: 0px; border-style: initial; outline: 0px; vertical-align: baseline; background: transparent;\" \/><\/a>\n\t<\/div>\n<div>\n\t\t&nbsp;\n\t<\/div>\n<\/div>\n","protected":false},"excerpt":{"rendered":"<p>Kronika &nbsp;|&nbsp; 04. jun 2015 Ognjeni zublji zajeli stavbo vrtca Pal\u010dek na Viru Ob 17.28 uri je bil Regijski center za obve&scaron;\u010danje seznanjen o po\u017earu vrtca Pal\u010dek na Viru pri Dom\u017ealah. Tja so takoj odhiteli poklicni gasilci CPV Dom\u017eale, gasilci PGD Vir, PGD Dob, PGD Studenec in PGD Dom\u017eale-mesto ter policisti PP Dom\u017eale. Za na&scaron; [&hellip;]<\/p>\n","protected":false},"author":4,"featured_media":0,"comment_status":"closed","ping_status":"closed","sticky":false,"template":"","format":"standard","meta":{"ngg_post_thumbnail":0},"categories":[1],"tags":[],"post_mailing_queue_ids":[],"_links":{"self":[{"href":"http:\/\/www.gasilci-vir.si\/index.php?rest_route=\/wp\/v2\/posts\/3450"}],"collection":[{"href":"http:\/\/www.gasilci-vir.si\/index.php?rest_route=\/wp\/v2\/posts"}],"about":[{"href":"http:\/\/www.gasilci-vir.si\/index.php?rest_route=\/wp\/v2\/types\/post"}],"author":[{"embeddable":true,"href":"http:\/\/www.gasilci-vir.si\/index.php?rest_route=\/wp\/v2\/users\/4"}],"replies":[{"embeddable":true,"href":"http:\/\/www.gasilci-vir.si\/index.php?rest_route=%2Fwp%2Fv2%2Fcomments&post=3450"}],"version-history":[{"count":1,"href":"http:\/\/www.gasilci-vir.si\/index.php?rest_route=\/wp\/v2\/posts\/3450\/revisions"}],"predecessor-version":[{"id":3451,"href":"http:\/\/www.gasilci-vir.si\/index.php?rest_route=\/wp\/v2\/posts\/3450\/revisions\/3451"}],"wp:attachment":[{"href":"http:\/\/www.gasilci-vir.si\/index.php?rest_route=%2Fwp%2Fv2%2Fmedia&parent=3450"}],"wp:term":[{"taxonomy":"category","embeddable":true,"href":"http:\/\/www.gasilci-vir.si\/index.php?rest_route=%2Fwp%2Fv2%2Fcategories&post=3450"},{"taxonomy":"post_tag","embeddable":true,"href":"http:\/\/www.gasilci-vir.si\/index.php?rest_route=%2Fwp%2Fv2%2Ftags&post=3450"}],"curies":[{"name":"wp","href":"https:\/\/api.w.org\/{rel}","templated":true}]}}