{"id":3534,"date":"2015-09-01T12:55:49","date_gmt":"2015-09-01T10:55:49","guid":{"rendered":"http:\/\/www.gasilci-vir.si\/?p=3534"},"modified":"2015-09-01T12:56:23","modified_gmt":"2015-09-01T10:56:23","slug":"homec-2","status":"publish","type":"post","link":"http:\/\/www.gasilci-vir.si\/?p=3534","title":{"rendered":"Homec"},"content":{"rendered":"<section class=\"leftcont\">\n<div class=\"subpagecont\">\n<div class=\"breads\">\n<p>\n\t\t\t\t<a class=\"home\" href=\"http:\/\/www.domzalec.si\/\">Domov<\/a> &nbsp;&gt;&nbsp; <a href=\"http:\/\/www.domzalec.si\/kronika\">Kronika<\/a>\n\t\t\t<\/p>\n<p>\n\t\t\t\t&nbsp;\n\t\t\t<\/p>\n<\/p><\/div>\n<div id=\"content\">\n<div id=\"viewone\">\n<div class=\"lefty\">\n<div id=\"___plusone_0\" style=\"text-indent: 0px; margin: 0px; padding: 0px; background: transparent none repeat scroll 0% 0%; border-style: none; float: none; line-height: normal; font-size: 1px; vertical-align: baseline; display: inline-block; width: 32px; height: 20px;\">\n\t\t\t\t\t\t<iframe data-gapiattached=\"true\" frameborder=\"0\" hspace=\"0\" id=\"I0_1441104800274\" marginheight=\"0\" marginwidth=\"0\" name=\"I0_1441104800274\" scrolling=\"no\" src=\"https:\/\/apis.google.com\/u\/0\/se\/0\/_\/+1\/fastbutton?usegapi=1&amp;annotation=none&amp;size=medium&amp;hl=sl&amp;origin=http%3A%2F%2Fwww.domzalec.si&amp;url=http%3A%2F%2Fwww.domzalec.si%2Fv-prometni-nesreci-na-homcu-udelezena-tri-vozila&amp;gsrc=3p&amp;jsh=m%3B%2F_%2Fscs%2Fapps-static%2F_%2Fjs%2Fk%3Doz.gapi.en.ew96GqKYpwE.O%2Fm%3D__features__%2Fam%3DAQ%2Frt%3Dj%2Fd%3D1%2Ft%3Dzcms%2Frs%3DAGLTcCMZMDhwOajlbll0mYcoX5GBt7lOuQ#_methods=onPlusOne%2C_ready%2C_close%2C_open%2C_resizeMe%2C_renderstart%2Concircled%2Cdrefresh%2Cerefresh&amp;id=I0_1441104800274&amp;parent=http%3A%2F%2Fwww.domzalec.si&amp;pfname=&amp;rpctoken=28624597\" style=\"position: static; top: 0px; width: 32px; margin: 0px; border-style: none; left: 0px; visibility: visible; height: 20px;\" tabindex=\"0\" title=\"+1\" vspace=\"0\" width=\"100%\"><\/iframe>\n\t\t\t\t\t<\/div>\n<p>\n\t\t\t\t\t\t&nbsp;\n\t\t\t\t\t<\/p>\n<\/p><\/div>\n<div style=\"height:30px; margin:-2px 0 0 7px; float:left;\">\n\t\t\t\t\t<fb:like class=\"fb_iframe_widget\" fb-iframe-plugin-query=\"app_id=294396947341179&amp;container_width=0&amp;font=arial&amp;href=http%3A%2F%2Fwww.domzalec.si%2Fv-prometni-nesreci-na-homcu-udelezena-tri-vozila&amp;locale=sl_SI&amp;sdk=joey&amp;send=true&amp;show_faces=false&amp;width=450\" fb-xfbml-state=\"rendered\" font=\"arial\" href=\"http:\/\/www.domzalec.si\/v-prometni-nesreci-na-homcu-udelezena-tri-vozila\" send=\"true\" show_faces=\"false\" width=\"450\"><span style=\"vertical-align: bottom; width: 450px; height: 20px;\"><iframe loading=\"lazy\" allowfullscreen=\"true\" allowtransparency=\"true\" frameborder=\"0\" height=\"1000px\" name=\"f18d0b142c38802\" scrolling=\"no\" src=\"http:\/\/www.facebook.com\/plugins\/like.php?app_id=294396947341179&amp;channel=http%3A%2F%2Fstatic.ak.facebook.com%2Fconnect%2Fxd_arbiter%2F44OwK74u0Ie.js%3Fversion%3D41%23cb%3Df31e6455f3d65e%26domain%3Dwww.domzalec.si%26origin%3Dhttp%253A%252F%252Fwww.domzalec.si%252Ff11d07700ecc9f%26relation%3Dparent.parent&amp;container_width=0&amp;font=arial&amp;href=http%3A%2F%2Fwww.domzalec.si%2Fv-prometni-nesreci-na-homcu-udelezena-tri-vozila&amp;locale=sl_SI&amp;sdk=joey&amp;send=true&amp;show_faces=false&amp;width=450\" style=\"border: medium none; visibility: visible; width: 450px; height: 20px;\" title=\"fb:like Facebook Social Plugin\" width=\"450px\"><\/iframe><\/span><\/fb:like>\n\t\t\t\t<\/div>\n<p>\n\t\t\t\t\t&nbsp;\n\t\t\t\t<\/p>\n<p class=\"novdate\">\n\t\t\t\t\tKronika &nbsp;|&nbsp; 01. sep 2015\n\t\t\t\t<\/p>\n<h1>\n\t\t\t\t\tV prometni nesre\u010di na Homcu udele\u017eena tri vozila<br \/>\n\t\t\t\t<\/h1>\n<p>\n\t\t\t\t\t<a class=\"cbox cboxElement\" href=\"http:\/\/www.domzalec.si\/modules\/aktualno\/uploads\/20150901_105049.jpg\" rel=\"cbox\"><img decoding=\"async\" alt=\"V prometni nesre\u010di na Homcu udele\u017eena tri vozila\" class=\"novpic\" src=\"http:\/\/www.domzalec.si\/modules\/aktualno\/uploads\/thumbnails\/20150901_105049.jpg\" \/><\/a>\n\t\t\t\t<\/p>\n<p style=\"text-align: justify;\">\n\t\t\t\t\t<strong>&Scaron;tiri minute pred enajsto uro dopoldan je na dr\u017eavni cesti v naselju Homec pri&scaron;lo do prometne nesre\u010de v kateri sta bili udele\u017eeni dve osebni vozili. Na kraj prometne nesre\u010de so se odpravili poklicni gasilci CPV Dom\u017eale, re&scaron;evalci NMP ZD Dom\u017eale in policisti PP Dom\u017eale.<\/strong>\n\t\t\t\t<\/p>\n<p style=\"text-align: justify;\">\n\t\t\t\t\tVodja izmene CPV Dom\u017eale, <em><strong>Jani Jeraj<\/strong><\/em> je za na&scaron; portal povedal, da naj bi do prometne nesre\u010de pri&scaron;lo zaradi tega, ker je kombinirano vozilo v koloni tr\u010dilo v osebno vozilo, ki je vozilo pred njim, le-to pa je po trku odbilo na nasprotni vozni pas, kjer je pri&scaron;lo do \u010delnega tr\u010denja z nasproti voze\u010dim osebnim vozilom. V nesre\u010di je ena oseba utrpela huj&scaron;e po&scaron;kodbe in bila odpeljana na zdravljenje v UKC Ljubljana.\n\t\t\t\t<\/p>\n<p>\n\t\t\t\t\t<em>Avtor: Miha Ul\u010dar; Foto: Miha Ul\u010dar<\/em>\n\t\t\t\t<\/p>\n<p>\n\t\t\t\t\t&nbsp;\n\t\t\t\t<\/p>\n<\/p><\/div>\n<p>\n\t\t\t\t&nbsp;\n\t\t\t<\/p>\n<\/p><\/div>\n<p>\n\t\t\t&nbsp;\n\t\t<\/p>\n<\/p><\/div>\n<\/section>\n","protected":false},"excerpt":{"rendered":"<p>Domov &nbsp;&gt;&nbsp; Kronika &nbsp; &nbsp; &nbsp; Kronika &nbsp;|&nbsp; 01. sep 2015 V prometni nesre\u010di na Homcu udele\u017eena tri vozila &Scaron;tiri minute pred enajsto uro dopoldan je na dr\u017eavni cesti v naselju Homec pri&scaron;lo do prometne nesre\u010de v kateri sta bili udele\u017eeni dve osebni vozili. Na kraj prometne nesre\u010de so se odpravili poklicni gasilci CPV Dom\u017eale, [&hellip;]<\/p>\n","protected":false},"author":4,"featured_media":0,"comment_status":"closed","ping_status":"closed","sticky":false,"template":"","format":"standard","meta":{"ngg_post_thumbnail":0},"categories":[1],"tags":[],"post_mailing_queue_ids":[],"_links":{"self":[{"href":"http:\/\/www.gasilci-vir.si\/index.php?rest_route=\/wp\/v2\/posts\/3534"}],"collection":[{"href":"http:\/\/www.gasilci-vir.si\/index.php?rest_route=\/wp\/v2\/posts"}],"about":[{"href":"http:\/\/www.gasilci-vir.si\/index.php?rest_route=\/wp\/v2\/types\/post"}],"author":[{"embeddable":true,"href":"http:\/\/www.gasilci-vir.si\/index.php?rest_route=\/wp\/v2\/users\/4"}],"replies":[{"embeddable":true,"href":"http:\/\/www.gasilci-vir.si\/index.php?rest_route=%2Fwp%2Fv2%2Fcomments&post=3534"}],"version-history":[{"count":2,"href":"http:\/\/www.gasilci-vir.si\/index.php?rest_route=\/wp\/v2\/posts\/3534\/revisions"}],"predecessor-version":[{"id":3536,"href":"http:\/\/www.gasilci-vir.si\/index.php?rest_route=\/wp\/v2\/posts\/3534\/revisions\/3536"}],"wp:attachment":[{"href":"http:\/\/www.gasilci-vir.si\/index.php?rest_route=%2Fwp%2Fv2%2Fmedia&parent=3534"}],"wp:term":[{"taxonomy":"category","embeddable":true,"href":"http:\/\/www.gasilci-vir.si\/index.php?rest_route=%2Fwp%2Fv2%2Fcategories&post=3534"},{"taxonomy":"post_tag","embeddable":true,"href":"http:\/\/www.gasilci-vir.si\/index.php?rest_route=%2Fwp%2Fv2%2Ftags&post=3534"}],"curies":[{"name":"wp","href":"https:\/\/api.w.org\/{rel}","templated":true}]}}