{"id":3541,"date":"2015-09-08T03:30:41","date_gmt":"2015-09-08T01:30:41","guid":{"rendered":"http:\/\/www.gasilci-vir.si\/?p=3541"},"modified":"2015-09-08T03:30:41","modified_gmt":"2015-09-08T01:30:41","slug":"studenec","status":"publish","type":"post","link":"http:\/\/www.gasilci-vir.si\/?p=3541","title":{"rendered":"Studenec"},"content":{"rendered":"<h1>\n\tHud po\u017ear pogoltnil gospodarsko poslopje na Studencu pri Dom\u017ealah<br \/>\n<\/h1>\n<p>\n\t<a class=\"cbox cboxElement\" href=\"http:\/\/www.domzalec.si\/modules\/aktualno\/uploads\/dsc_30652015-09-07_20-14-19dsc_3065.jpg\" rel=\"cbox\"><img decoding=\"async\" alt=\"Hud po\u017ear pogoltnil gospodarsko poslopje na Studencu pri Dom\u017ealah\" class=\"novpic\" src=\"http:\/\/www.domzalec.si\/modules\/aktualno\/uploads\/thumbnails\/dsc_30652015-09-07_20-14-19dsc_3065.jpg\" \/><\/a>\n<\/p>\n<p style=\"text-align: justify;\">\n\t<strong>Ob 19.17 uri je zagorelo gospodarsko poslopje na Studencu v ob\u010dini Dom\u017eale. Poleg poklicnih gasilcev CPV Dom\u017eale, je tja odhitelo &scaron;e pet prostovoljnih dru&scaron;tev, ki se &scaron;e vedno borijo z ognjenimi zublji, ki so dodobra zajeli kmetijsko poslopje.<\/strong>\n<\/p>\n<p style=\"text-align: justify;\">\n\tPo besedah vodje izmene CPV Dom\u017eale<em><strong> Matja\u017ea Koro&scaron;ca <\/strong><\/em>je na intervenciji sodelovalo 6 poklicnih gasilcev in 75 prostovoljnih gasilcev s 14. vozili. \u017de takoj po prihodu gasilcev je bil ogenj popolnoma razvit. Gasilci so s hitrim posredovanjem prepre\u010dili, da bi ogenj popolnoma uni\u010dil poslopje. Po bedsedah Koro&scaron;ca so gasilci re&scaron;ili vso \u017eivino iz hleva. Prav tako je Koro&scaron;ec pohvalil vse gasilce, ki so se na profesionalni na\u010din spopadli s po\u017earom.\n<\/p>\n<p style=\"text-align: justify;\">\n\tTrenutno so na kraju po\u017eara gasilci sektorja Dob: PGD Studenec, PGD \u017deje-Sveta Trojica, PGD Dob in PGD Vir, ki jih vodita <em><strong>Matja\u017e Merku\u017ei\u010d<\/strong><\/em> in <em><strong>Jernej Slapar.<\/strong><\/em> Opravljajo pa po\u017earno stra\u017eo in izvajajo sanacijo. Poleg poklicnih gasilcev CPV Dom\u017eale in prostovoljnih gasilcev sektorja Dob so na intervenciji posredovali tudi prostovoljni gasilci PGD Dom\u017eale-mesto.\n<\/p>\n<p>\n\t<em>Avtor: Miha Ul\u010dar; Foto: Miro Pivar<\/em>\n<\/p>\n<p>\n\t<em>VIR : <a href=\"http:\/\/www.domzalec.si\/hud-pozar-pogoltnil-gospodarsko-poslopje-na-studencu-pri-domzalah\">DOMZALEC.SI<\/a><\/em><\/p>\n","protected":false},"excerpt":{"rendered":"<p>Hud po\u017ear pogoltnil gospodarsko poslopje na Studencu pri Dom\u017ealah Ob 19.17 uri je zagorelo gospodarsko poslopje na Studencu v ob\u010dini Dom\u017eale. Poleg poklicnih gasilcev CPV Dom\u017eale, je tja odhitelo &scaron;e pet prostovoljnih dru&scaron;tev, ki se &scaron;e vedno borijo z ognjenimi zublji, ki so dodobra zajeli kmetijsko poslopje. Po besedah vodje izmene CPV Dom\u017eale Matja\u017ea Koro&scaron;ca [&hellip;]<\/p>\n","protected":false},"author":4,"featured_media":0,"comment_status":"closed","ping_status":"closed","sticky":false,"template":"","format":"standard","meta":{"ngg_post_thumbnail":0},"categories":[1],"tags":[],"post_mailing_queue_ids":[],"_links":{"self":[{"href":"http:\/\/www.gasilci-vir.si\/index.php?rest_route=\/wp\/v2\/posts\/3541"}],"collection":[{"href":"http:\/\/www.gasilci-vir.si\/index.php?rest_route=\/wp\/v2\/posts"}],"about":[{"href":"http:\/\/www.gasilci-vir.si\/index.php?rest_route=\/wp\/v2\/types\/post"}],"author":[{"embeddable":true,"href":"http:\/\/www.gasilci-vir.si\/index.php?rest_route=\/wp\/v2\/users\/4"}],"replies":[{"embeddable":true,"href":"http:\/\/www.gasilci-vir.si\/index.php?rest_route=%2Fwp%2Fv2%2Fcomments&post=3541"}],"version-history":[{"count":1,"href":"http:\/\/www.gasilci-vir.si\/index.php?rest_route=\/wp\/v2\/posts\/3541\/revisions"}],"predecessor-version":[{"id":3542,"href":"http:\/\/www.gasilci-vir.si\/index.php?rest_route=\/wp\/v2\/posts\/3541\/revisions\/3542"}],"wp:attachment":[{"href":"http:\/\/www.gasilci-vir.si\/index.php?rest_route=%2Fwp%2Fv2%2Fmedia&parent=3541"}],"wp:term":[{"taxonomy":"category","embeddable":true,"href":"http:\/\/www.gasilci-vir.si\/index.php?rest_route=%2Fwp%2Fv2%2Fcategories&post=3541"},{"taxonomy":"post_tag","embeddable":true,"href":"http:\/\/www.gasilci-vir.si\/index.php?rest_route=%2Fwp%2Fv2%2Ftags&post=3541"}],"curies":[{"name":"wp","href":"https:\/\/api.w.org\/{rel}","templated":true}]}}