{"id":3635,"date":"2015-10-27T20:22:50","date_gmt":"2015-10-27T18:22:50","guid":{"rendered":"http:\/\/www.gasilci-vir.si\/?p=3635"},"modified":"2015-10-27T20:22:50","modified_gmt":"2015-10-27T18:22:50","slug":"vrtec-cicidom-vir","status":"publish","type":"post","link":"http:\/\/www.gasilci-vir.si\/?p=3635","title":{"rendered":"Vrtec Cicidom  &#8211; Vir"},"content":{"rendered":"<p>\n\tMed aktivnostmi, ki potekajo v mesecu oktobru &quot;mesec po\u017earne varnosti&quot;, je tudi obisk vrtcev v na&scaron;em okoli&scaron;u. Danes smo izvedli evakuacijo vrca Cicidom na Viru. Po besedah vzgojiteljic so se&nbsp; otroci pridno in disciplinirano napotili na zbirno mesto. Mi smo z dvema notranjima napadoma pregledali prostore in &quot;pogasili&quot; nami&scaron;ljen ogenj. Ve\u010dji otroci so si potem ogledali na&scaron;e gasilsko vozilo in poprijeli za ro\u010dnik. Vsak je lahko tudi malo &quot;po&scaron;prical&quot;. Upamo da se nam \u010dez kak&scaron;no leto ali dve tudi kdo pridru\u017ei.\n<\/p>\n<p>\n\t<a href=\"http:\/\/www.gasilci-vir.si\/wp-content\/uploads\/2015\/10\/IMG_1377.jpg\"><img decoding=\"async\" loading=\"lazy\" alt=\"IMG_1377\" class=\"alignnone size-medium wp-image-3622\" height=\"225\" src=\"http:\/\/www.gasilci-vir.si\/wp-content\/uploads\/2015\/10\/IMG_1377-300x225.jpg\" width=\"300\" srcset=\"http:\/\/www.gasilci-vir.si\/wp-content\/uploads\/2015\/10\/IMG_1377-300x225.jpg 300w, http:\/\/www.gasilci-vir.si\/wp-content\/uploads\/2015\/10\/IMG_1377-1024x768.jpg 1024w\" sizes=\"(max-width: 300px) 100vw, 300px\" \/><\/a><a href=\"http:\/\/www.gasilci-vir.si\/wp-content\/uploads\/2015\/10\/IMG_1375.jpg\"><img decoding=\"async\" loading=\"lazy\" alt=\"IMG_1375\" class=\"alignnone size-medium wp-image-3620\" height=\"225\" src=\"http:\/\/www.gasilci-vir.si\/wp-content\/uploads\/2015\/10\/IMG_1375-300x225.jpg\" width=\"300\" srcset=\"http:\/\/www.gasilci-vir.si\/wp-content\/uploads\/2015\/10\/IMG_1375-300x225.jpg 300w, http:\/\/www.gasilci-vir.si\/wp-content\/uploads\/2015\/10\/IMG_1375-1024x768.jpg 1024w\" sizes=\"(max-width: 300px) 100vw, 300px\" \/><\/a><a href=\"http:\/\/www.gasilci-vir.si\/wp-content\/uploads\/2015\/10\/IMG_1376.jpg\"><img decoding=\"async\" loading=\"lazy\" alt=\"IMG_1376\" class=\"alignnone size-medium wp-image-3621\" height=\"225\" src=\"http:\/\/www.gasilci-vir.si\/wp-content\/uploads\/2015\/10\/IMG_1376-300x225.jpg\" width=\"300\" srcset=\"http:\/\/www.gasilci-vir.si\/wp-content\/uploads\/2015\/10\/IMG_1376-300x225.jpg 300w, http:\/\/www.gasilci-vir.si\/wp-content\/uploads\/2015\/10\/IMG_1376-1024x768.jpg 1024w\" sizes=\"(max-width: 300px) 100vw, 300px\" \/><\/a><a href=\"http:\/\/www.gasilci-vir.si\/wp-content\/uploads\/2015\/10\/IMG_1382.jpg\"><img decoding=\"async\" loading=\"lazy\" alt=\"IMG_1382\" class=\"alignnone size-medium wp-image-3624\" height=\"225\" src=\"http:\/\/www.gasilci-vir.si\/wp-content\/uploads\/2015\/10\/IMG_1382-300x225.jpg\" width=\"300\" srcset=\"http:\/\/www.gasilci-vir.si\/wp-content\/uploads\/2015\/10\/IMG_1382-300x225.jpg 300w, http:\/\/www.gasilci-vir.si\/wp-content\/uploads\/2015\/10\/IMG_1382-1024x768.jpg 1024w\" sizes=\"(max-width: 300px) 100vw, 300px\" \/><\/a><a href=\"http:\/\/www.gasilci-vir.si\/wp-content\/uploads\/2015\/10\/IMG_13961.jpg\"><img decoding=\"async\" loading=\"lazy\" alt=\"IMG_1396\" class=\"alignnone size-medium wp-image-3632\" height=\"225\" src=\"http:\/\/www.gasilci-vir.si\/wp-content\/uploads\/2015\/10\/IMG_13961-300x225.jpg\" width=\"300\" \/><\/a><a href=\"http:\/\/www.gasilci-vir.si\/wp-content\/uploads\/2015\/10\/IMG_13991.jpg\"><img decoding=\"async\" loading=\"lazy\" alt=\"IMG_1399\" class=\"alignnone size-medium wp-image-3633\" height=\"225\" src=\"http:\/\/www.gasilci-vir.si\/wp-content\/uploads\/2015\/10\/IMG_13991-300x225.jpg\" width=\"300\" \/><\/a><a href=\"http:\/\/www.gasilci-vir.si\/wp-content\/uploads\/2015\/10\/IMG_14061.jpg\"><img decoding=\"async\" loading=\"lazy\" alt=\"IMG_1406\" class=\"alignnone size-medium wp-image-3634\" height=\"225\" src=\"http:\/\/www.gasilci-vir.si\/wp-content\/uploads\/2015\/10\/IMG_14061-300x225.jpg\" width=\"300\" \/><\/a><a href=\"http:\/\/www.gasilci-vir.si\/wp-content\/uploads\/2015\/10\/IMG_14081.jpg\"><img decoding=\"async\" loading=\"lazy\" alt=\"IMG_1408\" class=\"alignnone size-medium wp-image-3637\" height=\"225\" src=\"http:\/\/www.gasilci-vir.si\/wp-content\/uploads\/2015\/10\/IMG_14081-300x225.jpg\" width=\"300\" \/><\/a><\/p>\n","protected":false},"excerpt":{"rendered":"<p>Med aktivnostmi, ki potekajo v mesecu oktobru &quot;mesec po\u017earne varnosti&quot;, je tudi obisk vrtcev v na&scaron;em okoli&scaron;u. Danes smo izvedli evakuacijo vrca Cicidom na Viru. Po besedah vzgojiteljic so se&nbsp; otroci pridno in disciplinirano napotili na zbirno mesto. Mi smo z dvema notranjima napadoma pregledali prostore in &quot;pogasili&quot; nami&scaron;ljen ogenj. Ve\u010dji otroci so si potem [&hellip;]<\/p>\n","protected":false},"author":4,"featured_media":0,"comment_status":"closed","ping_status":"closed","sticky":false,"template":"","format":"standard","meta":{"ngg_post_thumbnail":0},"categories":[1],"tags":[],"post_mailing_queue_ids":[],"_links":{"self":[{"href":"http:\/\/www.gasilci-vir.si\/index.php?rest_route=\/wp\/v2\/posts\/3635"}],"collection":[{"href":"http:\/\/www.gasilci-vir.si\/index.php?rest_route=\/wp\/v2\/posts"}],"about":[{"href":"http:\/\/www.gasilci-vir.si\/index.php?rest_route=\/wp\/v2\/types\/post"}],"author":[{"embeddable":true,"href":"http:\/\/www.gasilci-vir.si\/index.php?rest_route=\/wp\/v2\/users\/4"}],"replies":[{"embeddable":true,"href":"http:\/\/www.gasilci-vir.si\/index.php?rest_route=%2Fwp%2Fv2%2Fcomments&post=3635"}],"version-history":[{"count":1,"href":"http:\/\/www.gasilci-vir.si\/index.php?rest_route=\/wp\/v2\/posts\/3635\/revisions"}],"predecessor-version":[{"id":3638,"href":"http:\/\/www.gasilci-vir.si\/index.php?rest_route=\/wp\/v2\/posts\/3635\/revisions\/3638"}],"wp:attachment":[{"href":"http:\/\/www.gasilci-vir.si\/index.php?rest_route=%2Fwp%2Fv2%2Fmedia&parent=3635"}],"wp:term":[{"taxonomy":"category","embeddable":true,"href":"http:\/\/www.gasilci-vir.si\/index.php?rest_route=%2Fwp%2Fv2%2Fcategories&post=3635"},{"taxonomy":"post_tag","embeddable":true,"href":"http:\/\/www.gasilci-vir.si\/index.php?rest_route=%2Fwp%2Fv2%2Ftags&post=3635"}],"curies":[{"name":"wp","href":"https:\/\/api.w.org\/{rel}","templated":true}]}}