{"id":3709,"date":"2015-11-15T11:32:52","date_gmt":"2015-11-15T09:32:52","guid":{"rendered":"http:\/\/www.gasilci-vir.si\/?p=3709"},"modified":"2015-11-15T11:32:52","modified_gmt":"2015-11-15T09:32:52","slug":"19-srecanje-veteranov-gasilske-zveze-domzale","status":"publish","type":"post","link":"http:\/\/www.gasilci-vir.si\/?p=3709","title":{"rendered":"19. sre\u010danje veteranov Gasilske zveze Dom\u017eale"},"content":{"rendered":"<p>\n\t<strong>\u017de 19. zapovrstjo je v dvorani gasilskega doma \u017deje &ndash; Sveta Trojica potekalo sre\u010danje gasilskih veteranov Gasilske zveze Dom\u017eale. S tem tradicionalnim sre\u010danjem v Gasilski zvezi Dom\u017eale vsako leto poskrbijo za prijetno dru\u017eenje in obujanje spominov, hkrati pa je to tudi lepa prilo\u017enost za zahvalo za vsa njihova pretekla plemenita dela.<\/strong>\n<\/p>\n<p style=\"text-align: justify;\">\n\t19. sre\u010danje veteranov Gasilske zveze Dom\u017eale je v dvorani gasilskega doma \u017deje &ndash; Sveta Trojica potekalo v petek, 13. novembra 2015. Na sre\u010danju, ki se ga je udele\u017eilo veliko &scaron;tevilo gasilskih veteranov, sta najprej vse navzo\u010de pozdravila predsednik Komisije za veterane pri GZ Dom\u017eale, <em><strong>Franc Pirnat <\/strong><\/em>in podpredsednik GZ Dom\u017eale,&nbsp;<em><strong>Tone Pavli\u010d.<\/strong><\/em> Malo kasneje pa se je sre\u010danju pridru\u017eil tudi poveljnik GZ Dom\u017eale, <em><strong>Matja\u017e Merku\u017ei\u010d.<\/strong><\/em>\n<\/p>\n<p style=\"text-align: justify;\">\n\tMed uradnim delom sre\u010danja je bilo izvedeno tudi dru\u017eabno tekmovanje, ki ga je vodil <em><strong>Tine \u017dabnikar. <\/strong><\/em>\u017denske in mo&scaron;ke ekipe posameznih gasilskih dru&scaron;tev so tekmovale v navezavi ro\u010dnika, spajanje cevi na trojak in metanje torbice v cilj. Najbolj&scaron;im trem ekipam v mo&scaron;ki in \u017eenski konkurenci so podelili medalje. Na oder so povabili tudi najstarej&scaron;e tri prisotne gasilke in gasilce ter jim podelili medalje. Medalje sva prejela tudi Dom\u017ealca, za kar se organizatorjem zahvaljujeva.\n<\/p>\n<p style=\"text-align: justify;\">\n\tPo kon\u010danem uradnem delu je sledila &scaron;e pogostitev, za katero so ve\u010d kot odli\u010dno poskrbeli doma\u010di gasilci. Za dobro voljo pa je poskrbela <em><strong>Ema Smolnikar<\/strong><\/em> na harmoniki, dr\u017eavna prvakinja na igranju diatoni\u010dne harmonike.\n<\/p>\n<p style=\"text-align: justify;\">\n\t<a href=\"http:\/\/www.gasilci-vir.si\/wp-content\/uploads\/2015\/11\/MG_1087.jpg\"><img decoding=\"async\" loading=\"lazy\" alt=\"_MG_1087\" class=\"alignnone size-medium wp-image-3703\" height=\"200\" src=\"http:\/\/www.gasilci-vir.si\/wp-content\/uploads\/2015\/11\/MG_1087-300x200.jpg\" width=\"300\" \/><\/a> <a href=\"http:\/\/www.gasilci-vir.si\/wp-content\/uploads\/2015\/11\/MG_1088.jpg\"><img decoding=\"async\" loading=\"lazy\" alt=\"_MG_1088\" class=\"alignnone size-medium wp-image-3704\" height=\"200\" src=\"http:\/\/www.gasilci-vir.si\/wp-content\/uploads\/2015\/11\/MG_1088-300x200.jpg\" width=\"300\" \/><\/a> <a href=\"http:\/\/www.gasilci-vir.si\/wp-content\/uploads\/2015\/11\/MG_1089.jpg\"><img decoding=\"async\" loading=\"lazy\" alt=\"_MG_1089\" class=\"alignnone size-medium wp-image-3705\" height=\"200\" src=\"http:\/\/www.gasilci-vir.si\/wp-content\/uploads\/2015\/11\/MG_1089-300x200.jpg\" width=\"300\" \/><\/a> <a href=\"http:\/\/www.gasilci-vir.si\/wp-content\/uploads\/2015\/11\/MG_1090.jpg\"><img decoding=\"async\" loading=\"lazy\" alt=\"_MG_1090\" class=\"alignnone size-medium wp-image-3706\" height=\"200\" src=\"http:\/\/www.gasilci-vir.si\/wp-content\/uploads\/2015\/11\/MG_1090-300x200.jpg\" width=\"300\" \/><\/a> <a href=\"http:\/\/www.gasilci-vir.si\/wp-content\/uploads\/2015\/11\/MG_1091.jpg\"><img decoding=\"async\" loading=\"lazy\" alt=\"_MG_1091\" class=\"alignnone size-medium wp-image-3707\" height=\"200\" src=\"http:\/\/www.gasilci-vir.si\/wp-content\/uploads\/2015\/11\/MG_1091-300x200.jpg\" width=\"300\" \/><\/a> <a href=\"http:\/\/www.gasilci-vir.si\/wp-content\/uploads\/2015\/11\/MG_1092.jpg\"><img decoding=\"async\" loading=\"lazy\" alt=\"_MG_1092\" class=\"alignnone size-medium wp-image-3708\" height=\"200\" src=\"http:\/\/www.gasilci-vir.si\/wp-content\/uploads\/2015\/11\/MG_1092-300x200.jpg\" width=\"300\" \/><\/a>\n<\/p>\n<p style=\"text-align: justify;\">\n\tVir in ve\u010d slik na&nbsp;<a href=\"http:\/\/www.domzalec.si\/19-srecanje-veteranov-gasilske-zveze-domzale\"> DOMZALEC.SI<\/a><\/p>\n","protected":false},"excerpt":{"rendered":"<p>\u017de 19. zapovrstjo je v dvorani gasilskega doma \u017deje &ndash; Sveta Trojica potekalo sre\u010danje gasilskih veteranov Gasilske zveze Dom\u017eale. S tem tradicionalnim sre\u010danjem v Gasilski zvezi Dom\u017eale vsako leto poskrbijo za prijetno dru\u017eenje in obujanje spominov, hkrati pa je to tudi lepa prilo\u017enost za zahvalo za vsa njihova pretekla plemenita dela. 19. sre\u010danje veteranov Gasilske [&hellip;]<\/p>\n","protected":false},"author":4,"featured_media":0,"comment_status":"closed","ping_status":"closed","sticky":false,"template":"","format":"standard","meta":{"ngg_post_thumbnail":0},"categories":[1],"tags":[],"post_mailing_queue_ids":[],"_links":{"self":[{"href":"http:\/\/www.gasilci-vir.si\/index.php?rest_route=\/wp\/v2\/posts\/3709"}],"collection":[{"href":"http:\/\/www.gasilci-vir.si\/index.php?rest_route=\/wp\/v2\/posts"}],"about":[{"href":"http:\/\/www.gasilci-vir.si\/index.php?rest_route=\/wp\/v2\/types\/post"}],"author":[{"embeddable":true,"href":"http:\/\/www.gasilci-vir.si\/index.php?rest_route=\/wp\/v2\/users\/4"}],"replies":[{"embeddable":true,"href":"http:\/\/www.gasilci-vir.si\/index.php?rest_route=%2Fwp%2Fv2%2Fcomments&post=3709"}],"version-history":[{"count":1,"href":"http:\/\/www.gasilci-vir.si\/index.php?rest_route=\/wp\/v2\/posts\/3709\/revisions"}],"predecessor-version":[{"id":3710,"href":"http:\/\/www.gasilci-vir.si\/index.php?rest_route=\/wp\/v2\/posts\/3709\/revisions\/3710"}],"wp:attachment":[{"href":"http:\/\/www.gasilci-vir.si\/index.php?rest_route=%2Fwp%2Fv2%2Fmedia&parent=3709"}],"wp:term":[{"taxonomy":"category","embeddable":true,"href":"http:\/\/www.gasilci-vir.si\/index.php?rest_route=%2Fwp%2Fv2%2Fcategories&post=3709"},{"taxonomy":"post_tag","embeddable":true,"href":"http:\/\/www.gasilci-vir.si\/index.php?rest_route=%2Fwp%2Fv2%2Ftags&post=3709"}],"curies":[{"name":"wp","href":"https:\/\/api.w.org\/{rel}","templated":true}]}}