{"id":3754,"date":"2015-12-24T10:13:16","date_gmt":"2015-12-24T08:13:16","guid":{"rendered":"http:\/\/www.gasilci-vir.si\/?p=3754"},"modified":"2015-12-24T10:13:16","modified_gmt":"2015-12-24T08:13:16","slug":"pred-deteljico-v-domzalah-trcila-tri-vozila","status":"publish","type":"post","link":"http:\/\/www.gasilci-vir.si\/?p=3754","title":{"rendered":"Pred deteljico v Dom\u017ealah tr\u010dila tri vozila."},"content":{"rendered":"<p style=\"text-align: justify;\">\n\t<strong>Danes ob pol &scaron;esti uri zjutraj je pri&scaron;lo do ve\u010dje prometne nesre\u010de na regionalni cesti pred deteljico v Dom\u017ealah, v kateri so bila udele\u017eena tri osebna vozila. V prometni nesre\u010di so bile po&scaron;kodovane &scaron;tiri osebe, ki so bile prepeljane na zdravljenje v UKC Ljubljana.<\/strong><br \/>\n\t&nbsp;\n<\/p>\n<p style=\"text-align: justify;\">\n\tKot nam je povedal vodja izmene CPV Dom\u017eale <em><strong>Jani Jeraj,<\/strong><\/em> je do prometne nesre\u010de pri&scaron;lo na regionalni cesti pred deteljico v Dom\u017ealah (pri Prodajnem centru Breza). V nesre\u010di so bila udele\u017eena tri osebna vozila: Audi, Opel Astra in Renault Fluence. Poklicni gasilci so takoj po prihodu proti naletno in protipo\u017earno zavarovali kraj prometne nesre\u010de, odklopili akumulatorje vozil ter s tehni\u010dnim posegom re&scaron;ili eno osebo iz vozila. Prav tako so pomagali pri oskrbi &scaron;tirih po&scaron;kodovancev, ki so jih re&scaron;evalci NMP ZD Dom\u017eale in NMP ZD Kamnik odpeljali v UKC Ljubljana.\n<\/p>\n<p style=\"text-align: justify;\">\n\tVzrok nesre\u010de policija &scaron;e ugotavlja.\n<\/p>\n<p>\n\t<em>Avtor: Miha Ul\u010dar; Foto: CPV Dom\u017eale<\/em>\n<\/p>\n<h2>\n\t&nbsp;<br \/>\n<\/h2>\n<div style=\"float:left; margin:0 20px 10px 0; display:inline; width:196px; text-align:center; font-size:11px; line-height:13px;\">\n\t<a class=\"cbox cboxElement\" href=\"http:\/\/www.domzalec.si\/modules\/aktualno\/uploads\/12414387_1540070792978274_1268380931_o_copy1.jpg\" rel=\"cbox\" title=\"\"><img decoding=\"async\" src=\"http:\/\/www.domzalec.si\/modules\/aktualno\/uploads\/crop\/12414387_1540070792978274_1268380931_o_copy1.jpg\" \/><\/a>\n<\/div>\n<div style=\"float:left; margin:0 20px 10px 0; display:inline; width:196px; text-align:center; font-size:11px; line-height:13px;\">\n\t<a class=\"cbox cboxElement\" href=\"http:\/\/www.domzalec.si\/modules\/aktualno\/uploads\/12414056_1540070932978260_47736786_o.jpg\" rel=\"cbox\" title=\"\"><img decoding=\"async\" src=\"http:\/\/www.domzalec.si\/modules\/aktualno\/uploads\/crop\/12414056_1540070932978260_47736786_o.jpg\" \/><\/a>\n<\/div>\n","protected":false},"excerpt":{"rendered":"<p>Danes ob pol &scaron;esti uri zjutraj je pri&scaron;lo do ve\u010dje prometne nesre\u010de na regionalni cesti pred deteljico v Dom\u017ealah, v kateri so bila udele\u017eena tri osebna vozila. V prometni nesre\u010di so bile po&scaron;kodovane &scaron;tiri osebe, ki so bile prepeljane na zdravljenje v UKC Ljubljana. &nbsp; Kot nam je povedal vodja izmene CPV Dom\u017eale Jani Jeraj, [&hellip;]<\/p>\n","protected":false},"author":4,"featured_media":0,"comment_status":"closed","ping_status":"closed","sticky":false,"template":"","format":"standard","meta":{"ngg_post_thumbnail":0},"categories":[1],"tags":[],"post_mailing_queue_ids":[],"_links":{"self":[{"href":"http:\/\/www.gasilci-vir.si\/index.php?rest_route=\/wp\/v2\/posts\/3754"}],"collection":[{"href":"http:\/\/www.gasilci-vir.si\/index.php?rest_route=\/wp\/v2\/posts"}],"about":[{"href":"http:\/\/www.gasilci-vir.si\/index.php?rest_route=\/wp\/v2\/types\/post"}],"author":[{"embeddable":true,"href":"http:\/\/www.gasilci-vir.si\/index.php?rest_route=\/wp\/v2\/users\/4"}],"replies":[{"embeddable":true,"href":"http:\/\/www.gasilci-vir.si\/index.php?rest_route=%2Fwp%2Fv2%2Fcomments&post=3754"}],"version-history":[{"count":1,"href":"http:\/\/www.gasilci-vir.si\/index.php?rest_route=\/wp\/v2\/posts\/3754\/revisions"}],"predecessor-version":[{"id":3755,"href":"http:\/\/www.gasilci-vir.si\/index.php?rest_route=\/wp\/v2\/posts\/3754\/revisions\/3755"}],"wp:attachment":[{"href":"http:\/\/www.gasilci-vir.si\/index.php?rest_route=%2Fwp%2Fv2%2Fmedia&parent=3754"}],"wp:term":[{"taxonomy":"category","embeddable":true,"href":"http:\/\/www.gasilci-vir.si\/index.php?rest_route=%2Fwp%2Fv2%2Fcategories&post=3754"},{"taxonomy":"post_tag","embeddable":true,"href":"http:\/\/www.gasilci-vir.si\/index.php?rest_route=%2Fwp%2Fv2%2Ftags&post=3754"}],"curies":[{"name":"wp","href":"https:\/\/api.w.org\/{rel}","templated":true}]}}