{"id":3770,"date":"2016-01-11T09:14:30","date_gmt":"2016-01-11T07:14:30","guid":{"rendered":"http:\/\/www.gasilci-vir.si\/?p=3770"},"modified":"2016-01-11T09:14:30","modified_gmt":"2016-01-11T07:14:30","slug":"oranzni-alarm","status":"publish","type":"post","link":"http:\/\/www.gasilci-vir.si\/?p=3770","title":{"rendered":"ORAN\u017dNI ALARM"},"content":{"rendered":"<p>\n\tZaradi mo\u010dnej&scaron;ih padavin &nbsp;bodo za\u010dele nara&scaron;\u010dati reke, ob mo\u010dnej&scaron;ih nalivih zlasti popoldne lahko hitro in mo\u010dno narastejo tudi manj&scaron;i vodotoki in hudourniki. Pri tem se lahko reke in manj&scaron;i vodotoki razlijejo na obmo\u010djih pogostih poplav.\n<\/p>\n<p>\n\t<img decoding=\"async\" loading=\"lazy\" alt=\"pozorilo\" class=\"alignnone size-medium wp-image-3771\" height=\"208\" src=\"http:\/\/www.gasilci-vir.si\/wp-content\/uploads\/2016\/01\/pozorilo-300x208.jpg\" width=\"300\" \/>\n<\/p>\n<p>\n\t&nbsp;\n<\/p>\n<p>\n\tGladina morja bo ob dopoldanski in no\u010dni plimi povi&scaron;ana, morje bo zaradi ju\u017enega vetra tudi mo\u010dno vzvalovano, &scaron;e opozarjajo na Arsu.\n<\/p>\n<p>\n\t<br \/>\n\t\u010cez <a class=\"xClaimClass\" id=\"xClaimOglasId-1012954-2\" style=\"\" target=\"_blank\">dan<\/a> bodo predvidoma najmo\u010dneje porasli vodotoki v pore\u010dju Vipave in drugod v Poso\u010dju, in tudi reke Kolpa, Ljubljanica in njeni pritoki v kra&scaron;kem zaledju ter Krka s pritoki. Nara&scaron;\u010dali bodo tudi ostali vodotoki v ve\u010djem <a class=\"xClaimClass\" id=\"xClaimOglasId-1012616-1\" style=\"\" target=\"_blank\">delu<\/a> dr\u017eave, zlasti na obmo\u010djih osrednje, severozahodne, jugovzhodne in jugozahodne Slovenije.\n<\/p>\n<p>\n\t&nbsp;ve\u010d in VIR :<a href=\"http:\/\/www.zurnal24.si\/cakata-nas-mocan-veter-in-obilo-dezja-clanek-263095\"> ZURNAL24.SI<\/a><\/p>\n","protected":false},"excerpt":{"rendered":"<p>Zaradi mo\u010dnej&scaron;ih padavin &nbsp;bodo za\u010dele nara&scaron;\u010dati reke, ob mo\u010dnej&scaron;ih nalivih zlasti popoldne lahko hitro in mo\u010dno narastejo tudi manj&scaron;i vodotoki in hudourniki. Pri tem se lahko reke in manj&scaron;i vodotoki razlijejo na obmo\u010djih pogostih poplav. &nbsp; Gladina morja bo ob dopoldanski in no\u010dni plimi povi&scaron;ana, morje bo zaradi ju\u017enega vetra tudi mo\u010dno vzvalovano, &scaron;e opozarjajo [&hellip;]<\/p>\n","protected":false},"author":4,"featured_media":0,"comment_status":"closed","ping_status":"closed","sticky":false,"template":"","format":"standard","meta":{"ngg_post_thumbnail":0},"categories":[1],"tags":[],"post_mailing_queue_ids":[],"_links":{"self":[{"href":"http:\/\/www.gasilci-vir.si\/index.php?rest_route=\/wp\/v2\/posts\/3770"}],"collection":[{"href":"http:\/\/www.gasilci-vir.si\/index.php?rest_route=\/wp\/v2\/posts"}],"about":[{"href":"http:\/\/www.gasilci-vir.si\/index.php?rest_route=\/wp\/v2\/types\/post"}],"author":[{"embeddable":true,"href":"http:\/\/www.gasilci-vir.si\/index.php?rest_route=\/wp\/v2\/users\/4"}],"replies":[{"embeddable":true,"href":"http:\/\/www.gasilci-vir.si\/index.php?rest_route=%2Fwp%2Fv2%2Fcomments&post=3770"}],"version-history":[{"count":1,"href":"http:\/\/www.gasilci-vir.si\/index.php?rest_route=\/wp\/v2\/posts\/3770\/revisions"}],"predecessor-version":[{"id":3772,"href":"http:\/\/www.gasilci-vir.si\/index.php?rest_route=\/wp\/v2\/posts\/3770\/revisions\/3772"}],"wp:attachment":[{"href":"http:\/\/www.gasilci-vir.si\/index.php?rest_route=%2Fwp%2Fv2%2Fmedia&parent=3770"}],"wp:term":[{"taxonomy":"category","embeddable":true,"href":"http:\/\/www.gasilci-vir.si\/index.php?rest_route=%2Fwp%2Fv2%2Fcategories&post=3770"},{"taxonomy":"post_tag","embeddable":true,"href":"http:\/\/www.gasilci-vir.si\/index.php?rest_route=%2Fwp%2Fv2%2Ftags&post=3770"}],"curies":[{"name":"wp","href":"https:\/\/api.w.org\/{rel}","templated":true}]}}