{"id":3900,"date":"2016-02-24T21:49:44","date_gmt":"2016-02-24T19:49:44","guid":{"rendered":"http:\/\/www.gasilci-vir.si\/?p=3900"},"modified":"2016-02-24T21:49:44","modified_gmt":"2016-02-24T19:49:44","slug":"3900","status":"publish","type":"post","link":"http:\/\/www.gasilci-vir.si\/?p=3900","title":{"rendered":""},"content":{"rendered":"<p>\n\tVirski gasilci smo spet pokazali pripravljenost in strokovnost.\n<\/p>\n<p>\n\tV \u010detrtek 24.2. 2016 smo se kot pobudniki strokovne izobra\u017eenosti udele\u017eili strokovne ekskurzije v Elektru Ljubljana, RTP Podre\u010dje.\n<\/p>\n<p>\n\tV dogovoru z vodstvom in s pomo\u010djo varnostne in\u017eenirke smo si s strokovnim vodstvom ogledali poslovne prostore, tehni\u010dni del objektov in infrastrukturo v objektih in zunaj. Ogledali smo si infrastrukturo v povezavi son\u010dno elektrarno, notranjost tehni\u010dnega objekta z odklopniki in zunanje infrastrukturo, ki 110 kV napetost iz daljnovodov reducira na 20 kV. Ogledu so se pridru\u017eili tudi gasilci iz sosednjega PGD Dob in uslu\u017ebenci CPV.\n<\/p>\n<p>\n\t&nbsp;\n<\/p>\n<p>\n\tVse to bo bistveno pripomoglo k pristopu in re&scaron;evanju ob eventuelni nevarnosti ali intervenciji na doti\u010dni lokaciji, saj je seznanjenost z nevarnostmi in poznavanje objekta klju\u010dnega pomena za hitro in uspe&scaron;no intervencijo.\n<\/p>\n<p>\n\tZato se ob tej priliki vodstvu Elektro Ljubljana Enoti Podre\u010dje za razumevanje in strokoven pristop k uspe&scaron;nem sodelovanju najlep&scaron;e zahvaljujemo.\n<\/p>\n<p>\n\t&nbsp;\n<\/p>\n<p>\n\tV slu\u017ebi ljudstva dan in no\u010d tudi gasilci z Vira.\n<\/p>\n<p>\n\t<img decoding=\"async\" loading=\"lazy\" alt=\"20160224_163958\" class=\"alignnone size-medium wp-image-3897\" height=\"225\" src=\"http:\/\/www.gasilci-vir.si\/wp-content\/uploads\/2016\/02\/20160224_163958-300x225.jpg\" width=\"300\" \/> <img decoding=\"async\" loading=\"lazy\" alt=\"20160224_165812\" class=\"alignnone size-medium wp-image-3898\" height=\"225\" src=\"http:\/\/www.gasilci-vir.si\/wp-content\/uploads\/2016\/02\/20160224_165812-300x225.jpg\" width=\"300\" \/> <img decoding=\"async\" loading=\"lazy\" alt=\"20160224_170154\" class=\"alignnone size-medium wp-image-3899\" height=\"225\" src=\"http:\/\/www.gasilci-vir.si\/wp-content\/uploads\/2016\/02\/20160224_170154-300x225.jpg\" width=\"300\" \/><\/p>\n","protected":false},"excerpt":{"rendered":"<p>Virski gasilci smo spet pokazali pripravljenost in strokovnost. V \u010detrtek 24.2. 2016 smo se kot pobudniki strokovne izobra\u017eenosti udele\u017eili strokovne ekskurzije v Elektru Ljubljana, RTP Podre\u010dje. V dogovoru z vodstvom in s pomo\u010djo varnostne in\u017eenirke smo si s strokovnim vodstvom ogledali poslovne prostore, tehni\u010dni del objektov in infrastrukturo v objektih in zunaj. Ogledali smo si [&hellip;]<\/p>\n","protected":false},"author":4,"featured_media":0,"comment_status":"closed","ping_status":"closed","sticky":false,"template":"","format":"standard","meta":{"ngg_post_thumbnail":0},"categories":[1],"tags":[],"post_mailing_queue_ids":[],"_links":{"self":[{"href":"http:\/\/www.gasilci-vir.si\/index.php?rest_route=\/wp\/v2\/posts\/3900"}],"collection":[{"href":"http:\/\/www.gasilci-vir.si\/index.php?rest_route=\/wp\/v2\/posts"}],"about":[{"href":"http:\/\/www.gasilci-vir.si\/index.php?rest_route=\/wp\/v2\/types\/post"}],"author":[{"embeddable":true,"href":"http:\/\/www.gasilci-vir.si\/index.php?rest_route=\/wp\/v2\/users\/4"}],"replies":[{"embeddable":true,"href":"http:\/\/www.gasilci-vir.si\/index.php?rest_route=%2Fwp%2Fv2%2Fcomments&post=3900"}],"version-history":[{"count":1,"href":"http:\/\/www.gasilci-vir.si\/index.php?rest_route=\/wp\/v2\/posts\/3900\/revisions"}],"predecessor-version":[{"id":3901,"href":"http:\/\/www.gasilci-vir.si\/index.php?rest_route=\/wp\/v2\/posts\/3900\/revisions\/3901"}],"wp:attachment":[{"href":"http:\/\/www.gasilci-vir.si\/index.php?rest_route=%2Fwp%2Fv2%2Fmedia&parent=3900"}],"wp:term":[{"taxonomy":"category","embeddable":true,"href":"http:\/\/www.gasilci-vir.si\/index.php?rest_route=%2Fwp%2Fv2%2Fcategories&post=3900"},{"taxonomy":"post_tag","embeddable":true,"href":"http:\/\/www.gasilci-vir.si\/index.php?rest_route=%2Fwp%2Fv2%2Ftags&post=3900"}],"curies":[{"name":"wp","href":"https:\/\/api.w.org\/{rel}","templated":true}]}}