{"id":3969,"date":"2016-03-27T06:19:50","date_gmt":"2016-03-27T04:19:50","guid":{"rendered":"http:\/\/www.gasilci-vir.si\/?p=3969"},"modified":"2016-03-27T06:19:50","modified_gmt":"2016-03-27T04:19:50","slug":"kolicevo-2","status":"publish","type":"post","link":"http:\/\/www.gasilci-vir.si\/?p=3969","title":{"rendered":"Koli\u010devo"},"content":{"rendered":"<p style=\"text-align: justify;\">\n\t<strong>Danes zve\u010der nekaj po 22. uri so poklicni gasilci CPV Dom\u017eale dobili poziv o po\u017earu kartonskega stroja v tovarni Koli\u010devo karton. Do po\u017eara naj bi pri&scaron;lo na stroju KS 2, kjer so na vrhu pe\u010di grelniki, ki su&scaron;ijo karton. Takoj po za\u010detnem po\u017earu so zaposleni pogasili po\u017ear, isto\u010dasno se je spro\u017eil tudi &scaron;prinkler &ndash;&nbsp;aktivna po\u017earna za&scaron;\u010dita. Pri ga&scaron;enju naj bi padli \u017eare\u010di deli v klet, kjer je skladi&scaron;\u010de za odpadni karton za ponovno&nbsp;predelavo, zatem pa se je vnel ponovni po\u017ear.<\/strong>\n<\/p>\n<p style=\"text-align: justify;\">\n\tVodja izmene poklicnih gasilcev CPV Dom\u017eale, <em><strong>Matja\u017e Koro&scaron;ec <\/strong><\/em>nam je povedal, da so bili o po\u017earu obve&scaron;\u010deni ob 22.05 uri. Na kraju po\u017eara pa so bili dve minuti po pozivu. Po\u017ear naj bi nastal zaradi pregretja ene izmed pe\u010di na kartonskem stroju KS 2, ki su&scaron;ijo karton. Zaposleni so po\u017ear takoj pogasili, vendar naj bi zaradi ga&scaron;enja in &scaron;prinklerja &ndash; samodejnega ga&scaron;enja, nekaj \u017eare\u010dih delcev padlo v kletni prostor, kjer se je nahajal odpadni karton, ki je bil namenjen ponovni predelavi. Zaradi tega se je dobre pol ure po tem vnel po\u017ear, na katerem so posredovali tudi poklicni gasilci CPV Dom\u017eale.\n<\/p>\n<p style=\"text-align: justify;\">\n\tPo besedah Koro&scaron;ca je hitro posredovanje gasilcev in tudi prisebnost zaposlenih, ki so pri ga&scaron;enju po\u017eara ter odva\u017eanju poga&scaron;enega kartona z vili\u010darjem poskrbeli, da pri po\u017earu ni nastala materialna &scaron;koda. Stroj je namre\u010d po uspe&scaron;nem posredovanju gasilcev in zaposlenih naprej deloval normalno. Gasilci so prostore prezra\u010dili ter tudi pregledali. &nbsp;Koro&scaron;ec nam je &scaron;e povedal, da v po\u017earu ni bil nih\u010de po&scaron;kodovan ter pohvalil uspe&scaron;no usklajenost med gasilci in zaposlenimi pri ga&scaron;enju po\u017eara. Na kraju po\u017eara so posredovali tudi policisti PP Dom\u017eale, ki bodo ugotavljali vzrok po\u017eara.\n<\/p>\n<p>\n\t<em>Avtor: Miha Ul\u010dar; Foto: Arhiv Dom\u017ealca<\/em>\n<\/p>\n<p>\n\t<img decoding=\"async\" class=\"cboxPhoto\" src=\"http:\/\/www.domzalec.si\/modules\/aktualno\/uploads\/_mg_0531_-_kopija_copy3_copy1_copy3.jpg\" style=\"float: none;\" \/><\/p>\n","protected":false},"excerpt":{"rendered":"<p>Danes zve\u010der nekaj po 22. uri so poklicni gasilci CPV Dom\u017eale dobili poziv o po\u017earu kartonskega stroja v tovarni Koli\u010devo karton. Do po\u017eara naj bi pri&scaron;lo na stroju KS 2, kjer so na vrhu pe\u010di grelniki, ki su&scaron;ijo karton. Takoj po za\u010detnem po\u017earu so zaposleni pogasili po\u017ear, isto\u010dasno se je spro\u017eil tudi &scaron;prinkler &ndash;&nbsp;aktivna po\u017earna [&hellip;]<\/p>\n","protected":false},"author":4,"featured_media":0,"comment_status":"closed","ping_status":"closed","sticky":false,"template":"","format":"standard","meta":{"ngg_post_thumbnail":0},"categories":[1],"tags":[],"post_mailing_queue_ids":[],"_links":{"self":[{"href":"http:\/\/www.gasilci-vir.si\/index.php?rest_route=\/wp\/v2\/posts\/3969"}],"collection":[{"href":"http:\/\/www.gasilci-vir.si\/index.php?rest_route=\/wp\/v2\/posts"}],"about":[{"href":"http:\/\/www.gasilci-vir.si\/index.php?rest_route=\/wp\/v2\/types\/post"}],"author":[{"embeddable":true,"href":"http:\/\/www.gasilci-vir.si\/index.php?rest_route=\/wp\/v2\/users\/4"}],"replies":[{"embeddable":true,"href":"http:\/\/www.gasilci-vir.si\/index.php?rest_route=%2Fwp%2Fv2%2Fcomments&post=3969"}],"version-history":[{"count":1,"href":"http:\/\/www.gasilci-vir.si\/index.php?rest_route=\/wp\/v2\/posts\/3969\/revisions"}],"predecessor-version":[{"id":3970,"href":"http:\/\/www.gasilci-vir.si\/index.php?rest_route=\/wp\/v2\/posts\/3969\/revisions\/3970"}],"wp:attachment":[{"href":"http:\/\/www.gasilci-vir.si\/index.php?rest_route=%2Fwp%2Fv2%2Fmedia&parent=3969"}],"wp:term":[{"taxonomy":"category","embeddable":true,"href":"http:\/\/www.gasilci-vir.si\/index.php?rest_route=%2Fwp%2Fv2%2Fcategories&post=3969"},{"taxonomy":"post_tag","embeddable":true,"href":"http:\/\/www.gasilci-vir.si\/index.php?rest_route=%2Fwp%2Fv2%2Ftags&post=3969"}],"curies":[{"name":"wp","href":"https:\/\/api.w.org\/{rel}","templated":true}]}}