{"id":3972,"date":"2016-04-18T05:02:11","date_gmt":"2016-04-18T03:02:11","guid":{"rendered":"http:\/\/www.gasilci-vir.si\/?p=3972"},"modified":"2016-04-18T05:02:11","modified_gmt":"2016-04-18T03:02:11","slug":"goreli-zabojniki-na-ekoloskem-otoku-v-podrecju","status":"publish","type":"post","link":"http:\/\/www.gasilci-vir.si\/?p=3972","title":{"rendered":"Goreli zabojniki na ekolo\u0161kem otoku v Podre\u010dju"},"content":{"rendered":"<h1>\n\t&nbsp;<br \/>\n<\/h1>\n<p>\n\t<a class=\"cbox cboxElement\" href=\"http:\/\/www.domzalec.si\/modules\/aktualno\/uploads\/imag1559.jpg\" rel=\"cbox\"><img decoding=\"async\" alt=\"Ponovno se nekdo igra z ognjem: Goreli zabojniki na ekolo\u0161kem otoku v Podre\u010dju\" class=\"novpic\" src=\"http:\/\/www.domzalec.si\/modules\/aktualno\/uploads\/thumbnails\/imag1559.jpg\" \/><\/a>\n<\/p>\n<p style=\"text-align: justify;\">\n\t<strong>Danes nekaj minut pred 21.30 uro je pri&scaron;lo do po\u017eara na ekolo&scaron;kem otoku v Podre\u010dju pri Dom\u017ealah, v katerem so bili uni\u010deni &scaron;tirje zabojniki. Zaradi hitrega posredovanja poklicnih gasilcev CPV Dom\u017eale, je bil po\u017ear v trenutku lokaliziran in poga&scaron;en ter obenem re&scaron;eno &scaron;e osebno vozilo, ki je bilo parkirano v neposredni bli\u017eini gore\u010dih zabojnikov. Ve\u010d kot o\u010ditno je, da se je nekdo ponovno igral z ognjem.<\/strong>\n<\/p>\n<p style=\"text-align: justify;\">\n\tOb tem se je potrebno zavedati, da ogenj na ekolo&scaron;kih otokih zaradi same vsebine, kot sta papir in plastika, ob po\u017earu razvije izredno mo\u010dno temperaturo. Svoje pa bi lahko ob dana&scaron;njem primeru dodal tudi mo\u010dan veter, ki je pihal skozi ves dan.\n<\/p>\n<p style=\"text-align: justify;\">\n\tVodja no\u010dne izmene poklicnih gasilcev CPV Dom\u017eale&nbsp;<em><strong>Jani Jeraj,<\/strong><\/em> nam je povedal, da so prijavo o po\u017earu prejeli ob 21.26 uri. Pri tem je bilo ogro\u017eeno tudi osebno vozilo znamke Ford S Max, ki je bilo parkirano v bli\u017eini. Zaradi hitrega posredovanja poklicnih gasilcev, je vozilo na sre\u010do ostalo nepo&scaron;kodovano. So jo pa v po\u017earu skupili &scaron;tirje zabojniki na ekolo&scaron;kem otoku. Med njimi tudi zabojnik za steklo. Kraj po\u017eara so si ogledali tudi dom\u017ealski policisti.&nbsp;\n<\/p>\n<p>\n\t<em>Avtor: Miha Ul\u010dar; Foto: CPV Dom\u017eale<\/em><\/p>\n","protected":false},"excerpt":{"rendered":"<p>&nbsp; Danes nekaj minut pred 21.30 uro je pri&scaron;lo do po\u017eara na ekolo&scaron;kem otoku v Podre\u010dju pri Dom\u017ealah, v katerem so bili uni\u010deni &scaron;tirje zabojniki. Zaradi hitrega posredovanja poklicnih gasilcev CPV Dom\u017eale, je bil po\u017ear v trenutku lokaliziran in poga&scaron;en ter obenem re&scaron;eno &scaron;e osebno vozilo, ki je bilo parkirano v neposredni bli\u017eini gore\u010dih zabojnikov. [&hellip;]<\/p>\n","protected":false},"author":4,"featured_media":0,"comment_status":"closed","ping_status":"closed","sticky":false,"template":"","format":"standard","meta":{"ngg_post_thumbnail":0},"categories":[1],"tags":[],"post_mailing_queue_ids":[],"_links":{"self":[{"href":"http:\/\/www.gasilci-vir.si\/index.php?rest_route=\/wp\/v2\/posts\/3972"}],"collection":[{"href":"http:\/\/www.gasilci-vir.si\/index.php?rest_route=\/wp\/v2\/posts"}],"about":[{"href":"http:\/\/www.gasilci-vir.si\/index.php?rest_route=\/wp\/v2\/types\/post"}],"author":[{"embeddable":true,"href":"http:\/\/www.gasilci-vir.si\/index.php?rest_route=\/wp\/v2\/users\/4"}],"replies":[{"embeddable":true,"href":"http:\/\/www.gasilci-vir.si\/index.php?rest_route=%2Fwp%2Fv2%2Fcomments&post=3972"}],"version-history":[{"count":1,"href":"http:\/\/www.gasilci-vir.si\/index.php?rest_route=\/wp\/v2\/posts\/3972\/revisions"}],"predecessor-version":[{"id":3973,"href":"http:\/\/www.gasilci-vir.si\/index.php?rest_route=\/wp\/v2\/posts\/3972\/revisions\/3973"}],"wp:attachment":[{"href":"http:\/\/www.gasilci-vir.si\/index.php?rest_route=%2Fwp%2Fv2%2Fmedia&parent=3972"}],"wp:term":[{"taxonomy":"category","embeddable":true,"href":"http:\/\/www.gasilci-vir.si\/index.php?rest_route=%2Fwp%2Fv2%2Fcategories&post=3972"},{"taxonomy":"post_tag","embeddable":true,"href":"http:\/\/www.gasilci-vir.si\/index.php?rest_route=%2Fwp%2Fv2%2Ftags&post=3972"}],"curies":[{"name":"wp","href":"https:\/\/api.w.org\/{rel}","templated":true}]}}