{"id":4061,"date":"2016-05-08T19:25:07","date_gmt":"2016-05-08T17:25:07","guid":{"rendered":"http:\/\/www.gasilci-vir.si\/?p=4061"},"modified":"2016-05-08T19:25:07","modified_gmt":"2016-05-08T17:25:07","slug":"domzale-122","status":"publish","type":"post","link":"http:\/\/www.gasilci-vir.si\/?p=4061","title":{"rendered":"Dom\u017eale"},"content":{"rendered":"<h1>\n\tPopoldanski naliv s to\u010do zaposlil gasilce<br \/>\n<\/h1>\n<p>\n\t<a class=\"cbox cboxElement\" href=\"http:\/\/www.domzalec.si\/modules\/aktualno\/uploads\/dsc_2958.jpg\" rel=\"cbox\"><img decoding=\"async\" alt=\"Popoldanski naliv s to\u010do zaposlil gasilce\" class=\"novpic\" src=\"http:\/\/www.domzalec.si\/modules\/aktualno\/uploads\/thumbnails\/dsc_2958.jpg\" \/><\/a>\n<\/p>\n<p style=\"text-align: justify;\">\n\t<strong>Dnevna izmena poklicnih gasilcev CPV Dom\u017eale, ki jo vodi Primo\u017e \u017dnidar, je imela danes popoldan polne roke dela, saj je popoldanska nevihta naredila svoje. Pri odpravljanju posledic povodenj, zalilo je namre\u010d kar nekaj hi&scaron; in tudi podhod do Dom\u017eal, so sodelovali tudi gasilci PGD Dom\u017eale-mesto.<\/strong>\n<\/p>\n<p style=\"text-align: justify;\">\n\t&Scaron;e pred popoldanskim de\u017ejem je pri&scaron;lo v Zabor&scaron;tu pri Dom\u017ealah do prometne nesre\u010de, v kateri sta bili udele\u017eeni dve osebni vozili. Po besedah vodje dnevne izmene poklicnih gasilcev CPV Dom\u017eale, <em><strong>Primo\u017ea \u017dnidarja, <\/strong><\/em>se je eno vozilo obrnilo na streho. Na sre\u010do pa ni bilo po&scaron;kodovanih. Gasilci so takoj po prihodu proti naletno in proti po\u017earno zavarovali kraj prometne nesre\u010de ter odklopili akumulatorje na vozilih.\n<\/p>\n<p style=\"text-align: justify;\">\n\tPopoldanska nevihta s to\u010do pa je povzro\u010dila kar nekaj nev&scaron;e\u010dnosti, saj je zalilo kar nekaj hi&scaron; in tradicionalno tudi &raquo;dom\u017ealski uvoz&laquo;, tako da so imeli poklicni gasilci CPV Dom\u017eale in gasilci PGD Dom\u017eale-mesto kar nekaj dela. V &raquo;slovitem&laquo; dom\u017ealskem podhodu oziroma uvozu se je po besedah o\u010dividcev v \u010dasu naliva nabralo vode v vi&scaron;ini pribli\u017eno pol metra. Eno vozilo, ki je tisti \u010das pripeljalo v podhod, je zaradi vi&scaron;ine vode obstalo. So pa gasilci \u010drpali vodo iz kar nekaj hi&scaron;. V enem izmed gostinskih lokalov v Dom\u017ealah je meteorna voda zalila njihov poslovni objekt. Gasilci so odprli in o\u010distili talni izto\u010dni ja&scaron;ek in omogo\u010dili iztekanje vode.\n<\/p>\n<p>\n\t<em>Avtor: Miha Ul\u010dar; Foto: Miha Ul\u010dar<\/em><\/p>\n","protected":false},"excerpt":{"rendered":"<p>Popoldanski naliv s to\u010do zaposlil gasilce Dnevna izmena poklicnih gasilcev CPV Dom\u017eale, ki jo vodi Primo\u017e \u017dnidar, je imela danes popoldan polne roke dela, saj je popoldanska nevihta naredila svoje. Pri odpravljanju posledic povodenj, zalilo je namre\u010d kar nekaj hi&scaron; in tudi podhod do Dom\u017eal, so sodelovali tudi gasilci PGD Dom\u017eale-mesto. &Scaron;e pred popoldanskim de\u017ejem [&hellip;]<\/p>\n","protected":false},"author":4,"featured_media":0,"comment_status":"closed","ping_status":"closed","sticky":false,"template":"","format":"standard","meta":{"ngg_post_thumbnail":0},"categories":[1],"tags":[],"post_mailing_queue_ids":[],"_links":{"self":[{"href":"http:\/\/www.gasilci-vir.si\/index.php?rest_route=\/wp\/v2\/posts\/4061"}],"collection":[{"href":"http:\/\/www.gasilci-vir.si\/index.php?rest_route=\/wp\/v2\/posts"}],"about":[{"href":"http:\/\/www.gasilci-vir.si\/index.php?rest_route=\/wp\/v2\/types\/post"}],"author":[{"embeddable":true,"href":"http:\/\/www.gasilci-vir.si\/index.php?rest_route=\/wp\/v2\/users\/4"}],"replies":[{"embeddable":true,"href":"http:\/\/www.gasilci-vir.si\/index.php?rest_route=%2Fwp%2Fv2%2Fcomments&post=4061"}],"version-history":[{"count":1,"href":"http:\/\/www.gasilci-vir.si\/index.php?rest_route=\/wp\/v2\/posts\/4061\/revisions"}],"predecessor-version":[{"id":4062,"href":"http:\/\/www.gasilci-vir.si\/index.php?rest_route=\/wp\/v2\/posts\/4061\/revisions\/4062"}],"wp:attachment":[{"href":"http:\/\/www.gasilci-vir.si\/index.php?rest_route=%2Fwp%2Fv2%2Fmedia&parent=4061"}],"wp:term":[{"taxonomy":"category","embeddable":true,"href":"http:\/\/www.gasilci-vir.si\/index.php?rest_route=%2Fwp%2Fv2%2Fcategories&post=4061"},{"taxonomy":"post_tag","embeddable":true,"href":"http:\/\/www.gasilci-vir.si\/index.php?rest_route=%2Fwp%2Fv2%2Ftags&post=4061"}],"curies":[{"name":"wp","href":"https:\/\/api.w.org\/{rel}","templated":true}]}}