{"id":4119,"date":"2016-07-01T08:57:03","date_gmt":"2016-07-01T06:57:03","guid":{"rendered":"http:\/\/www.gasilci-vir.si\/?p=4119"},"modified":"2016-07-01T08:57:03","modified_gmt":"2016-07-01T06:57:03","slug":"vir-17","status":"publish","type":"post","link":"http:\/\/www.gasilci-vir.si\/?p=4119","title":{"rendered":"Vir"},"content":{"rendered":"<p>\n\t<a class=\"cbox cboxElement\" href=\"http:\/\/www.domzalec.si\/modules\/aktualno\/uploads\/20160701_014156.jpg\" rel=\"cbox\"><img decoding=\"async\" alt=\"Pri balini\u0161\u010du na Viru pogorel star kozolec\" class=\"novpic\" src=\"http:\/\/www.domzalec.si\/modules\/aktualno\/uploads\/thumbnails\/20160701_014156.jpg\" \/><\/a>\n<\/p>\n<p style=\"text-align: justify;\">\n\t<strong>Poklicni gasilci Centra za za&scaron;\u010dito in re&scaron;evanje Dom\u017eale, ki je za\u010del delovati s 1. julijem 2016, so imeli prvo intervencijo \u017ee dobro uro po za\u010detku delovanja novega zavoda. Skupaj z gasilci PGD Vir so posredovali pri po\u017earu starega kozolca poleg balini&scaron;\u010da na Viru.<\/strong>\n<\/p>\n<p style=\"text-align: justify;\">\n\tVodja no\u010dne in tudi prve izmene Centra za za&scaron;\u010dito in re&scaron;evanja Dom\u017eale&nbsp;<em><strong>Bogdan Poto\u010dnik,<\/strong><\/em> nam je v zvezi s po\u017earom povedal, da so bili poklicni gasilci o po\u017earu kozolca pri balini&scaron;\u010du na Viru obve&scaron;\u010deni ob 1.03 uri. Kljub hitremu posredovanju, pri ga&scaron;enju so sodelovali tudi gasilci PGD Vir, je bil kozolec popolnoma uni\u010den.\n<\/p>\n<p>\n\t<em>Avtor: Miha Ul\u010dar; Foto: CPV Dom\u017eale, Miro Pivar; Video: Miro Pivar<\/em><\/p>\n","protected":false},"excerpt":{"rendered":"<p>Poklicni gasilci Centra za za&scaron;\u010dito in re&scaron;evanje Dom\u017eale, ki je za\u010del delovati s 1. julijem 2016, so imeli prvo intervencijo \u017ee dobro uro po za\u010detku delovanja novega zavoda. Skupaj z gasilci PGD Vir so posredovali pri po\u017earu starega kozolca poleg balini&scaron;\u010da na Viru. Vodja no\u010dne in tudi prve izmene Centra za za&scaron;\u010dito in re&scaron;evanja Dom\u017eale&nbsp;Bogdan [&hellip;]<\/p>\n","protected":false},"author":4,"featured_media":0,"comment_status":"closed","ping_status":"closed","sticky":false,"template":"","format":"standard","meta":{"ngg_post_thumbnail":0},"categories":[1],"tags":[],"post_mailing_queue_ids":[],"_links":{"self":[{"href":"http:\/\/www.gasilci-vir.si\/index.php?rest_route=\/wp\/v2\/posts\/4119"}],"collection":[{"href":"http:\/\/www.gasilci-vir.si\/index.php?rest_route=\/wp\/v2\/posts"}],"about":[{"href":"http:\/\/www.gasilci-vir.si\/index.php?rest_route=\/wp\/v2\/types\/post"}],"author":[{"embeddable":true,"href":"http:\/\/www.gasilci-vir.si\/index.php?rest_route=\/wp\/v2\/users\/4"}],"replies":[{"embeddable":true,"href":"http:\/\/www.gasilci-vir.si\/index.php?rest_route=%2Fwp%2Fv2%2Fcomments&post=4119"}],"version-history":[{"count":1,"href":"http:\/\/www.gasilci-vir.si\/index.php?rest_route=\/wp\/v2\/posts\/4119\/revisions"}],"predecessor-version":[{"id":4120,"href":"http:\/\/www.gasilci-vir.si\/index.php?rest_route=\/wp\/v2\/posts\/4119\/revisions\/4120"}],"wp:attachment":[{"href":"http:\/\/www.gasilci-vir.si\/index.php?rest_route=%2Fwp%2Fv2%2Fmedia&parent=4119"}],"wp:term":[{"taxonomy":"category","embeddable":true,"href":"http:\/\/www.gasilci-vir.si\/index.php?rest_route=%2Fwp%2Fv2%2Fcategories&post=4119"},{"taxonomy":"post_tag","embeddable":true,"href":"http:\/\/www.gasilci-vir.si\/index.php?rest_route=%2Fwp%2Fv2%2Ftags&post=4119"}],"curies":[{"name":"wp","href":"https:\/\/api.w.org\/{rel}","templated":true}]}}