{"id":4121,"date":"2016-07-03T17:11:53","date_gmt":"2016-07-03T15:11:53","guid":{"rendered":"http:\/\/www.gasilci-vir.si\/?p=4121"},"modified":"2016-07-03T17:11:53","modified_gmt":"2016-07-03T15:11:53","slug":"4121","status":"publish","type":"post","link":"http:\/\/www.gasilci-vir.si\/?p=4121","title":{"rendered":""},"content":{"rendered":"<section class=\"leftcont\">\n<div class=\"subpagecont\">\n<div class=\"breads\">\n<p>\n\t\t\t\t&nbsp;\n\t\t\t<\/p>\n<\/p><\/div>\n<div id=\"content\">\n<div id=\"viewone\">\n<div class=\"lefty\">\n<div id=\"___plusone_0\" style=\"text-indent: 0px; margin: 0px; padding: 0px; background: transparent none repeat scroll 0% 0%; border-style: none; float: none; line-height: normal; font-size: 1px; vertical-align: baseline; display: inline-block; width: 32px; height: 20px;\">\n\t\t\t\t\t\t&nbsp;\n\t\t\t\t\t<\/div>\n<\/p><\/div>\n<div style=\"height:30px; margin:-2px 0 0 7px; float:left;\">\n\t\t\t\t\t<fb:like class=\"fb_iframe_widget\" fb-iframe-plugin-query=\"app_id=294396947341179&amp;container_width=0&amp;font=arial&amp;href=http%3A%2F%2Fwww.domzalec.si%2Fna-subicevi-ulici-na-viru-gorele-cunje&amp;locale=sl_SI&amp;sdk=joey&amp;send=true&amp;show_faces=false&amp;width=450\" fb-xfbml-state=\"rendered\" font=\"arial\" href=\"http:\/\/www.domzalec.si\/na-subicevi-ulici-na-viru-gorele-cunje\" send=\"true\" show_faces=\"false\" width=\"450\"><span style=\"vertical-align: bottom; width: 450px; height: 20px;\"><iframe loading=\"lazy\" allowfullscreen=\"true\" allowtransparency=\"true\" frameborder=\"0\" height=\"1000px\" name=\"f5a2c3e5a2018\" scrolling=\"no\" src=\"https:\/\/www.facebook.com\/plugins\/like.php?app_id=294396947341179&amp;channel=http%3A%2F%2Fstaticxx.facebook.com%2Fconnect%2Fxd_arbiter.php%3Fversion%3D42%23cb%3Df37d61fd8587fae%26domain%3Dwww.domzalec.si%26origin%3Dhttp%253A%252F%252Fwww.domzalec.si%252Ff396b122eb5fa5a%26relation%3Dparent.parent&amp;container_width=0&amp;font=arial&amp;href=http%3A%2F%2Fwww.domzalec.si%2Fna-subicevi-ulici-na-viru-gorele-cunje&amp;locale=sl_SI&amp;sdk=joey&amp;send=true&amp;show_faces=false&amp;width=450\" style=\"border: medium none; visibility: visible; width: 450px; height: 20px;\" title=\"fb:like Facebook Social Plugin\" width=\"450px\"><\/iframe><\/span><\/fb:like>\n\t\t\t\t<\/div>\n<p>\t\t\t\t&nbsp;<\/p>\n<p class=\"novdate\">\n\t\t\t\t\tKronika &nbsp;|&nbsp; 02. jul 2016\n\t\t\t\t<\/p>\n<h1>\n\t\t\t\t\tNa &Scaron;ubi\u010devi ulici na Viru gorele cunje<br \/>\n\t\t\t\t<\/h1>\n<p>\t\t\t\t<a class=\"cbox cboxElement\" href=\"http:\/\/www.domzalec.si\/modules\/aktualno\/uploads\/dsc017462016-07-02_20-49-23dsc01746.jpg\" rel=\"cbox\"><img decoding=\"async\" alt=\"Na \u0160ubi\u010devi ulici na Viru gorele cunje\" class=\"novpic\" src=\"http:\/\/www.domzalec.si\/modules\/aktualno\/uploads\/thumbnails\/dsc017462016-07-02_20-49-23dsc01746.jpg\" \/><\/a><\/p>\n<p style=\"text-align: justify;\">\n\t\t\t\t\t<strong>Danes zve\u010der nekaj po dvajseti uri so poklicni gasilci Centra za za&scaron;\u010dito in re&scaron;evanje Dom\u017eale dobili poziv, da v stanovanjski hi&scaron;i na &Scaron;ubi\u010devi ulici na Viru gori. Poleg poklicnih gasilcev CZR Dom\u017eale, so na kraju po\u017eara posredovali tudi gasilci PGD Vir in policisti PP Dom\u017eale.<\/strong>\n\t\t\t\t<\/p>\n<p style=\"text-align: justify;\">\n\t\t\t\t\tVodja no\u010dne izmene CZR Dom\u017eale<em><strong> Jani Jeraj<\/strong><\/em> nam je v zvezi z intervencijo povedal, da naj bi do po\u017eara pri&scaron;lo pri gorilniku pe\u010di, kjer so visele tudi cunje, ki so se vnele. Dokon\u010dni vzrok po\u017eara bo ugotovila policija.\n\t\t\t\t<\/p>\n<p>\n\t\t\t\t\t<em>Avtor: Miha Ul\u010dar; Foto: Miro Pivar<\/em>\n\t\t\t\t<\/p>\n<\/p><\/div>\n<\/p><\/div>\n<\/p><\/div>\n<\/section>\n","protected":false},"excerpt":{"rendered":"<p>&nbsp; &nbsp; &nbsp; Kronika &nbsp;|&nbsp; 02. jul 2016 Na &Scaron;ubi\u010devi ulici na Viru gorele cunje Danes zve\u010der nekaj po dvajseti uri so poklicni gasilci Centra za za&scaron;\u010dito in re&scaron;evanje Dom\u017eale dobili poziv, da v stanovanjski hi&scaron;i na &Scaron;ubi\u010devi ulici na Viru gori. Poleg poklicnih gasilcev CZR Dom\u017eale, so na kraju po\u017eara posredovali tudi gasilci PGD [&hellip;]<\/p>\n","protected":false},"author":4,"featured_media":0,"comment_status":"closed","ping_status":"closed","sticky":false,"template":"","format":"standard","meta":{"ngg_post_thumbnail":0},"categories":[1],"tags":[],"post_mailing_queue_ids":[],"_links":{"self":[{"href":"http:\/\/www.gasilci-vir.si\/index.php?rest_route=\/wp\/v2\/posts\/4121"}],"collection":[{"href":"http:\/\/www.gasilci-vir.si\/index.php?rest_route=\/wp\/v2\/posts"}],"about":[{"href":"http:\/\/www.gasilci-vir.si\/index.php?rest_route=\/wp\/v2\/types\/post"}],"author":[{"embeddable":true,"href":"http:\/\/www.gasilci-vir.si\/index.php?rest_route=\/wp\/v2\/users\/4"}],"replies":[{"embeddable":true,"href":"http:\/\/www.gasilci-vir.si\/index.php?rest_route=%2Fwp%2Fv2%2Fcomments&post=4121"}],"version-history":[{"count":1,"href":"http:\/\/www.gasilci-vir.si\/index.php?rest_route=\/wp\/v2\/posts\/4121\/revisions"}],"predecessor-version":[{"id":4122,"href":"http:\/\/www.gasilci-vir.si\/index.php?rest_route=\/wp\/v2\/posts\/4121\/revisions\/4122"}],"wp:attachment":[{"href":"http:\/\/www.gasilci-vir.si\/index.php?rest_route=%2Fwp%2Fv2%2Fmedia&parent=4121"}],"wp:term":[{"taxonomy":"category","embeddable":true,"href":"http:\/\/www.gasilci-vir.si\/index.php?rest_route=%2Fwp%2Fv2%2Fcategories&post=4121"},{"taxonomy":"post_tag","embeddable":true,"href":"http:\/\/www.gasilci-vir.si\/index.php?rest_route=%2Fwp%2Fv2%2Ftags&post=4121"}],"curies":[{"name":"wp","href":"https:\/\/api.w.org\/{rel}","templated":true}]}}