{"id":4175,"date":"2016-09-17T04:47:26","date_gmt":"2016-09-17T02:47:26","guid":{"rendered":"http:\/\/www.gasilci-vir.si\/?p=4175"},"modified":"2016-09-17T04:47:27","modified_gmt":"2016-09-17T02:47:27","slug":"vir-19","status":"publish","type":"post","link":"http:\/\/www.gasilci-vir.si\/?p=4175","title":{"rendered":"Vir"},"content":{"rendered":"<h1>\n\tV trku dveh osebnih vozil na Koli\u010devem, dve osebi po&scaron;kodovani<br \/>\n<\/h1>\n<p>\n\t<a class=\"cbox cboxElement\" href=\"http:\/\/www.domzalec.si\/modules\/aktualno\/uploads\/mms_20160916_201650.jpg\" rel=\"cbox\"><img decoding=\"async\" alt=\"V trku dveh osebnih vozil na Koli\u010devem, dve osebi po\u0161kodovani\" class=\"novpic\" src=\"http:\/\/www.domzalec.si\/modules\/aktualno\/uploads\/thumbnails\/mms_20160916_201650.jpg\" \/><\/a>\n<\/p>\n<p style=\"text-align: justify;\">\n\t<strong>Danes okrog pol sedme ure zve\u010der je na Papirni&scaron;ki ulici na Koli\u010devem pri Dom\u017ealah pri&scaron;lo do prometne nesre\u010de, v kateri sta bili udele\u017eeni dve osebni vozili. Na kraju so posredovali poklicni gasilci Centra za za&scaron;\u010dito in re&scaron;evanje Dom\u017eale, policisti PP Dom\u017eale in re&scaron;evalci NMP ZD Dom\u017eale, ki so dve po&scaron;kodovani osebi prepeljali na zdravljenje v ljubljanski UKC.<\/strong>\n<\/p>\n<p style=\"text-align: justify;\">\n\tVodja no\u010dne izmene CZR Dom\u017eale <em><strong>Jani Jeraj,<\/strong><\/em> nam je v zvezi s prometno nesre\u010do povedal, da so bili o njej obve&scaron;\u010deni ob 18.33 in sicer sta na Papirni&scaron;ki cesti na Viru pri Dom\u017ealah tr\u010dili dve osebni vozili znamke Fiat Punto in Citroen C3. Poklicni gasilci so po prihodu najprej zavarovali kraj prometne nesre\u010de, odklopili akumulatorja na vozilih ter pomagali re&scaron;evalcem NMP ZD Dom\u017eale pri imobilizaciji dveh po&scaron;kodovanih oseb, ki so jih re&scaron;evalci prepeljali na nadaljnjo zdravljenje v UKC Ljubljana.\n<\/p>\n<p>\n\t<em>Avtor: Miha Ul\u010dar; Foto: CZR Dom\u017eale, K. B.<\/em><\/p>\n","protected":false},"excerpt":{"rendered":"<p>V trku dveh osebnih vozil na Koli\u010devem, dve osebi po&scaron;kodovani Danes okrog pol sedme ure zve\u010der je na Papirni&scaron;ki ulici na Koli\u010devem pri Dom\u017ealah pri&scaron;lo do prometne nesre\u010de, v kateri sta bili udele\u017eeni dve osebni vozili. Na kraju so posredovali poklicni gasilci Centra za za&scaron;\u010dito in re&scaron;evanje Dom\u017eale, policisti PP Dom\u017eale in re&scaron;evalci NMP ZD [&hellip;]<\/p>\n","protected":false},"author":4,"featured_media":0,"comment_status":"closed","ping_status":"closed","sticky":false,"template":"","format":"standard","meta":{"ngg_post_thumbnail":0},"categories":[1],"tags":[],"post_mailing_queue_ids":[],"_links":{"self":[{"href":"http:\/\/www.gasilci-vir.si\/index.php?rest_route=\/wp\/v2\/posts\/4175"}],"collection":[{"href":"http:\/\/www.gasilci-vir.si\/index.php?rest_route=\/wp\/v2\/posts"}],"about":[{"href":"http:\/\/www.gasilci-vir.si\/index.php?rest_route=\/wp\/v2\/types\/post"}],"author":[{"embeddable":true,"href":"http:\/\/www.gasilci-vir.si\/index.php?rest_route=\/wp\/v2\/users\/4"}],"replies":[{"embeddable":true,"href":"http:\/\/www.gasilci-vir.si\/index.php?rest_route=%2Fwp%2Fv2%2Fcomments&post=4175"}],"version-history":[{"count":1,"href":"http:\/\/www.gasilci-vir.si\/index.php?rest_route=\/wp\/v2\/posts\/4175\/revisions"}],"predecessor-version":[{"id":4176,"href":"http:\/\/www.gasilci-vir.si\/index.php?rest_route=\/wp\/v2\/posts\/4175\/revisions\/4176"}],"wp:attachment":[{"href":"http:\/\/www.gasilci-vir.si\/index.php?rest_route=%2Fwp%2Fv2%2Fmedia&parent=4175"}],"wp:term":[{"taxonomy":"category","embeddable":true,"href":"http:\/\/www.gasilci-vir.si\/index.php?rest_route=%2Fwp%2Fv2%2Fcategories&post=4175"},{"taxonomy":"post_tag","embeddable":true,"href":"http:\/\/www.gasilci-vir.si\/index.php?rest_route=%2Fwp%2Fv2%2Ftags&post=4175"}],"curies":[{"name":"wp","href":"https:\/\/api.w.org\/{rel}","templated":true}]}}