{"id":4178,"date":"2016-09-24T06:24:19","date_gmt":"2016-09-24T04:24:19","guid":{"rendered":"http:\/\/www.gasilci-vir.si\/?p=4178"},"modified":"2016-09-24T06:24:19","modified_gmt":"2016-09-24T04:24:19","slug":"vir-20","status":"publish","type":"post","link":"http:\/\/www.gasilci-vir.si\/?p=4178","title":{"rendered":"Vir"},"content":{"rendered":"<p>\n\tVsako leto se gasilci ob mesecu po\u017earne varnosti, &scaron;e dodatno pripravljamo ter izobra\u017eujemo na podro\u010dju ga&scaron;enja, re&scaron;evanja, varovanja \u017eivljenj&nbsp; in premo\u017eenja. V ta namen, bomo&nbsp; gasilci PGD Vir v sodelovanju sektor Vir- Dob pripravili ve\u010djo gasilsko re&scaron;evalno vajo, ki bo potekala v\n<\/p>\n<p>\n\t<strong>soboto 01. oktobra 2016 ob &nbsp;16 uri na&nbsp; objekt&nbsp; bencinskega servisa OMV na Viru in bli\u017enje objekte.<\/strong>\n<\/p>\n<p>\n\tVaja bo zajemala, ga&scaron;enje, re&scaron;evanje po&scaron;kodovanih in zate\u010denih oseb ter po\u017earno za&scaron;\u010dito&nbsp; na bencinskem servisu OMV, &nbsp;lekarni Vir &nbsp;in&nbsp; avtomobilsko servisno prodajnega objekta Veit. Zaradi obsega vaje in resnosti dogodka je predvidena tudi evakuacija stanovalcev sosednje ulice.\n<\/p>\n<p>\n\tVabimo Vas, da se nam pridru\u017eite in si ogledate vajo.<\/p>\n","protected":false},"excerpt":{"rendered":"<p>Vsako leto se gasilci ob mesecu po\u017earne varnosti, &scaron;e dodatno pripravljamo ter izobra\u017eujemo na podro\u010dju ga&scaron;enja, re&scaron;evanja, varovanja \u017eivljenj&nbsp; in premo\u017eenja. V ta namen, bomo&nbsp; gasilci PGD Vir v sodelovanju sektor Vir- Dob pripravili ve\u010djo gasilsko re&scaron;evalno vajo, ki bo potekala v soboto 01. oktobra 2016 ob &nbsp;16 uri na&nbsp; objekt&nbsp; bencinskega servisa OMV na [&hellip;]<\/p>\n","protected":false},"author":4,"featured_media":0,"comment_status":"closed","ping_status":"closed","sticky":false,"template":"","format":"standard","meta":{"ngg_post_thumbnail":0},"categories":[1],"tags":[],"post_mailing_queue_ids":[],"_links":{"self":[{"href":"http:\/\/www.gasilci-vir.si\/index.php?rest_route=\/wp\/v2\/posts\/4178"}],"collection":[{"href":"http:\/\/www.gasilci-vir.si\/index.php?rest_route=\/wp\/v2\/posts"}],"about":[{"href":"http:\/\/www.gasilci-vir.si\/index.php?rest_route=\/wp\/v2\/types\/post"}],"author":[{"embeddable":true,"href":"http:\/\/www.gasilci-vir.si\/index.php?rest_route=\/wp\/v2\/users\/4"}],"replies":[{"embeddable":true,"href":"http:\/\/www.gasilci-vir.si\/index.php?rest_route=%2Fwp%2Fv2%2Fcomments&post=4178"}],"version-history":[{"count":1,"href":"http:\/\/www.gasilci-vir.si\/index.php?rest_route=\/wp\/v2\/posts\/4178\/revisions"}],"predecessor-version":[{"id":4179,"href":"http:\/\/www.gasilci-vir.si\/index.php?rest_route=\/wp\/v2\/posts\/4178\/revisions\/4179"}],"wp:attachment":[{"href":"http:\/\/www.gasilci-vir.si\/index.php?rest_route=%2Fwp%2Fv2%2Fmedia&parent=4178"}],"wp:term":[{"taxonomy":"category","embeddable":true,"href":"http:\/\/www.gasilci-vir.si\/index.php?rest_route=%2Fwp%2Fv2%2Fcategories&post=4178"},{"taxonomy":"post_tag","embeddable":true,"href":"http:\/\/www.gasilci-vir.si\/index.php?rest_route=%2Fwp%2Fv2%2Ftags&post=4178"}],"curies":[{"name":"wp","href":"https:\/\/api.w.org\/{rel}","templated":true}]}}