{"id":4230,"date":"2017-02-04T23:04:16","date_gmt":"2017-02-04T21:04:16","guid":{"rendered":"http:\/\/www.gasilci-vir.si\/?p=4230"},"modified":"2017-02-04T23:04:16","modified_gmt":"2017-02-04T21:04:16","slug":"4230","status":"publish","type":"post","link":"http:\/\/www.gasilci-vir.si\/?p=4230","title":{"rendered":""},"content":{"rendered":"<h1>\n\tObrambna ministrica: Radi bi izbolj&scaron;ali status prostovoljnih gasilcev, nov zakon je v pripravi<br \/>\n<\/h1>\n<h2>\n\t&nbsp;<br \/>\n<\/h2>\n<div class=\"menu\">\n<div class=\"content\">\n<div class=\"containerRightSide\">\n<div class=\"commentsCloud\">\n<div class=\"commentsCloudContent\">\n\t\t\t\t\t<a href=\"http:\/\/www.24ur.com\/novice\/slovenija\/obrambna-ministrica-radi-bi-izboljsali-status-prostovoljnih-gasilcev-nov-zakon-je-v-pripravikon.html#comment\"><span>16<\/span><\/a>\n\t\t\t\t<\/div>\n<\/p><\/div>\n<div class=\"comment\">\n\t\t\t\t<a href=\"http:\/\/www.24ur.com\/novice\/slovenija\/obrambna-ministrica-radi-bi-izboljsali-status-prostovoljnih-gasilcev-nov-zakon-je-v-pripravikon.html#comment\">Komentiraj<\/a>\n\t\t\t<\/div>\n<div class=\"send\">\n\t\t\t\t<a href=\"http:\/\/www.24ur.com\/novice\/slovenija\/obrambna-ministrica-radi-bi-izboljsali-status-prostovoljnih-gasilcev-nov-zakon-je-v-pripravikon.html#send\">Po&scaron;lji<\/a>\n\t\t\t<\/div>\n<div class=\"print\">\n\t\t\t\t<a href=\"http:\/\/www.24ur.com\/novice\/slovenija\/obrambna-ministrica-radi-bi-izboljsali-status-prostovoljnih-gasilcev-nov-zakon-je-v-pripravikon.html#\" onclick=\"window.open('\/bin\/article_print.php?article_id=4105471&amp;section_id=2', 'doc_print', 'toolbar=0,scrollbars=1,location=0,statusbar=0,menubar=0,resizable=1,width=700,height=500');\">Tiskaj<\/a>\n\t\t\t<\/div>\n<div class=\"zoomIn\" id=\"increase\">\n\t\t\t\t&nbsp;\n\t\t\t<\/div>\n<div class=\"zoomReset\" id=\"default\">\n\t\t\t\t&nbsp;\n\t\t\t<\/div>\n<div class=\"zoomOut\" id=\"decrease\">\n\t\t\t\t&nbsp;\n\t\t\t<\/div>\n<div class=\"textSize\">\n\t\t\t\tVelikost pisave\n\t\t\t<\/div>\n<\/p><\/div>\n<div class=\"containerLeftSide\">\n<h3>\n\t\t\t\tSelnica ob Dravi, 04.02.2017, 14:36 | STA \/ M.Ke.<br \/>\n\t\t\t<\/h3>\n<\/p><\/div>\n<\/p><\/div>\n<div class=\"secondary\">\n\t\t&nbsp;\n\t<\/div>\n<\/div>\n<div class=\"summary\">\n<p>\n\t\tProstovoljni gasilci so najpomembnej&scaron;i steber za&scaron;\u010dite in re&scaron;evanja, zato jim je treba dati vso podporo, je na sre\u010danju Gasilske zveze Slovenije dejala ministrica za obrambo Andreja Kati\u010d. In &scaron;e: &quot;Status vseh prostovoljcev, ki so vklju\u010deni v gasilstvu, \u017eelimo izbolj&scaron;ati s spremembo zakona o gasilstvu.&quot;\n\t<\/p>\n<\/div>\n<div class=\"before_article_hidden\">\n<div class=\"contextual-text\" id=\"content\">\n<div style=\"width: 100%; text-align: center\">\n<div class=\"div_banner_H\">\n<div id=\"div_banner_H\">\n\t\t\t\t\t&nbsp;\n\t\t\t\t<\/div>\n<\/p><\/div>\n<\/p><\/div>\n<p>\n\t\t\tProstovoljni gasilci so najpomembnej&scaron;i steber za&scaron;\u010dite in re&scaron;evanja, zato jim je treba dati vso podporo, je na sre\u010danju ob dnevu predsednikov in poveljnikov gasilskih zvez danes v Selnici ob Dravi dejala ministrica za obrambo<strong> Andreja Kati\u010d <\/strong>in se jim zahvalila za njihovo delo.\n\t\t<\/p>\n<p>\n\t\t\tKot so sporo\u010dili z Ministrstva za obrambo, je ministrica na sre\u010danju, ki ga pripravlja Gasilska zveza Slovenije, poudarila, da so gasilci poleg intervencijskega ukrepanja na cestah in pri ga&scaron;enju po\u017earov sodelovali tudi pri mnogih drugih humanitarnih aktivnostih prizadetim prebivalcem in pri obvladovanju migrantske problematike.\n\t\t<\/p>\n<p>\n\t\t\tPredstavila je svoje poglede na gasilsko dejavnost ter delo ministrstva, &scaron;e posebej Uprave RS za za&scaron;\u010dito in re&scaron;evanje, na podro\u010dju gasilstva. Ena od klju\u010dnih tem, o kateri je spregovorila, je novi nacionalni program varstva pred naravnimi in drugimi nesre\u010dami za obdobje 2016-2022, kjer je znova izpostavljen status gasilcev oziroma prostovoljnih re&scaron;evalcev.\n\t\t<\/p>\n<p>\n\t\t\t<em>&quot;Celostno si prizadevamo tudi za ustvarjanje razmer za uveljavitev stimulativnih re&scaron;itev, tako za re&scaron;evalce kot za delodajalce. Status vseh prostovoljcev, ki so vklju\u010deni v razli\u010dne re&scaron;evalne sestave za&scaron;\u010dite, re&scaron;evanja in pomo\u010di, pa \u017eelimo izbolj&scaron;ati tudi s spremembo zakona o gasilstvu in z dopolnitvijo zakona o varstvu pred naravnimi in drugimi nesre\u010dami,&quot;<\/em> je poudarila ministrica.\n\t\t<\/p>\n<p>\n\t\t\tOb tem je napovedala skupno sodelovanje z Gasilsko zvezo Slovenije na leto&scaron;njih dnevih za&scaron;\u010dite in re&scaron;evanja Mirana Bogataja, ki bodo v Murski Soboti, ter tudi poudarila, da si \u017eeli aktivne vloge gasilcev in gasilk pri usklajevanju re&scaron;itev v zakonu o gasilstvu.\n\t\t<\/p>\n<p>\n\t\t\tSicer pa je ministrica tradicionalen posvet gasilcev izkoristila tudi, da se jim je zahvalila za njihovo predano delo. <em>&quot;Gre za plemenito poslanstvo, za katerega namenjajo res veliko svojega prostovoljnjega \u010dasa tako za usposabljanje kot za organizacijo. Zahvala gre tudi njihovim najbli\u017ejim, ki jih spodbujajo in podpirajo pri izvajanju tega plemenitega poslanstva,&quot;<\/em> je &scaron;e dejala in pohvalila odli\u010dno sodelovanje med gasilci in upravo za re&scaron;evanje in za&scaron;\u010dito.\n\t\t<\/p>\n<p>\n\t\t\tZbrane gasilce je med drugim nagovoril tudi predsednik Gasilske zveze Slovenije <strong>Jo&scaron;t Jak&scaron;a<\/strong>.<em> &quot;Tradicionalno sre\u010danje gasilcev vidim kot prilo\u017enost, da pregledamo opravljeno delo v preteklem letu, si izmenjamo izku&scaron;nje ter si postavimo cilje za letos. Hkrati pa tudi kot prilo\u017enost, da spregovorimo o strate&scaron;kih vpra&scaron;anjih gasilstva in gasilske dejavnosti,&quot;<\/em> je dejal.\n\t\t<\/p>\n<p>\n\t\t\t&nbsp;\n\t\t<\/p>\n<p>\n\t\t\tvir<a href=\"http:\/\/www.24ur.com\/novice\/slovenija\/obrambna-ministrica-radi-bi-izboljsali-status-prostovoljnih-gasilcev-nov-zakon-je-v-pripravikon.html\"> 24ur.com<\/a>\n\t\t<\/p>\n<\/p><\/div>\n<\/div>\n","protected":false},"excerpt":{"rendered":"<p>Obrambna ministrica: Radi bi izbolj&scaron;ali status prostovoljnih gasilcev, nov zakon je v pripravi &nbsp; 16 Komentiraj Po&scaron;lji Tiskaj &nbsp; &nbsp; &nbsp; Velikost pisave Selnica ob Dravi, 04.02.2017, 14:36 | STA \/ M.Ke. &nbsp; Prostovoljni gasilci so najpomembnej&scaron;i steber za&scaron;\u010dite in re&scaron;evanja, zato jim je treba dati vso podporo, je na sre\u010danju Gasilske zveze Slovenije dejala [&hellip;]<\/p>\n","protected":false},"author":4,"featured_media":0,"comment_status":"closed","ping_status":"closed","sticky":false,"template":"","format":"standard","meta":{"ngg_post_thumbnail":0},"categories":[1],"tags":[],"post_mailing_queue_ids":[],"_links":{"self":[{"href":"http:\/\/www.gasilci-vir.si\/index.php?rest_route=\/wp\/v2\/posts\/4230"}],"collection":[{"href":"http:\/\/www.gasilci-vir.si\/index.php?rest_route=\/wp\/v2\/posts"}],"about":[{"href":"http:\/\/www.gasilci-vir.si\/index.php?rest_route=\/wp\/v2\/types\/post"}],"author":[{"embeddable":true,"href":"http:\/\/www.gasilci-vir.si\/index.php?rest_route=\/wp\/v2\/users\/4"}],"replies":[{"embeddable":true,"href":"http:\/\/www.gasilci-vir.si\/index.php?rest_route=%2Fwp%2Fv2%2Fcomments&post=4230"}],"version-history":[{"count":1,"href":"http:\/\/www.gasilci-vir.si\/index.php?rest_route=\/wp\/v2\/posts\/4230\/revisions"}],"predecessor-version":[{"id":4231,"href":"http:\/\/www.gasilci-vir.si\/index.php?rest_route=\/wp\/v2\/posts\/4230\/revisions\/4231"}],"wp:attachment":[{"href":"http:\/\/www.gasilci-vir.si\/index.php?rest_route=%2Fwp%2Fv2%2Fmedia&parent=4230"}],"wp:term":[{"taxonomy":"category","embeddable":true,"href":"http:\/\/www.gasilci-vir.si\/index.php?rest_route=%2Fwp%2Fv2%2Fcategories&post=4230"},{"taxonomy":"post_tag","embeddable":true,"href":"http:\/\/www.gasilci-vir.si\/index.php?rest_route=%2Fwp%2Fv2%2Ftags&post=4230"}],"curies":[{"name":"wp","href":"https:\/\/api.w.org\/{rel}","templated":true}]}}