{"id":4244,"date":"2017-05-02T17:06:46","date_gmt":"2017-05-02T15:06:46","guid":{"rendered":"http:\/\/www.gasilci-vir.si\/?p=4244"},"modified":"2017-05-02T17:06:46","modified_gmt":"2017-05-02T15:06:46","slug":"4244","status":"publish","type":"post","link":"http:\/\/www.gasilci-vir.si\/?p=4244","title":{"rendered":""},"content":{"rendered":"<p>\n\t<strong>PGD DOB, PGD STUDENEC, <\/strong>\n<\/p>\n<p>\n\t<strong>PGD \u017dEJE-SV. TROJICA<\/strong>\n<\/p>\n<p>\n\t<strong>\u010cLANI PGD VIR<\/strong>\n<\/p>\n<p>\n\t&nbsp;\n<\/p>\n<p>\n\tZadeva<strong><em>: &nbsp;<\/em><u>&nbsp;VABILO <\/u><\/strong>\n<\/p>\n<p align=\"center\">\n\tVljudno vas vabimo, da se udele\u017eite tradicionalne ma&scaron;e v spomin na pokojne gasilce, ob godu zavetnika gasilcev Sv. Florjana, ki bo v\n<\/p>\n<p align=\"center\">\n\t&nbsp;\n<\/p>\n<p align=\"center\">\n\t<strong>nedeljo, 07.05.2014, ob 9.00 uri<\/strong>\n<\/p>\n<p align=\"center\">\n\tV \u017eupnijski cerkvi na Viru.\n<\/p>\n<p align=\"center\">\n\t&nbsp;\n<\/p>\n<p align=\"center\">\n\tZbor gasilcev bo ob 8.45 uri, na trgu pred cerkvijo. Napro&scaron;am vas, da se ma&scaron;e udele\u017eite v sve\u010dani gasilski obleki.\n<\/p>\n<p>\n\t&nbsp;\n<\/p>\n<p>\n\t&nbsp;\n<\/p>\n<p align=\"center\">\n\t<strong>NA POMO\u010c!<\/strong>\n<\/p>\n<p>\n\t&nbsp;\n<\/p>\n<p>\n\t&nbsp;\n<\/p>\n<p>\n\t&nbsp;\n<\/p>\n<p>\n\t&nbsp;&nbsp;&nbsp; Tajnik:&nbsp;&nbsp;&nbsp;&nbsp;&nbsp;&nbsp;&nbsp;&nbsp;&nbsp;&nbsp;&nbsp;&nbsp;&nbsp;&nbsp;&nbsp;&nbsp;&nbsp;&nbsp; &nbsp;&nbsp;&nbsp;&nbsp;&nbsp;&nbsp;&nbsp;&nbsp;&nbsp;&nbsp;&nbsp;&nbsp;&nbsp;&nbsp;&nbsp;&nbsp;&nbsp;&nbsp;&nbsp;&nbsp;&nbsp;&nbsp;&nbsp;&nbsp;&nbsp;&nbsp;&nbsp;&nbsp;&nbsp;&nbsp;&nbsp;&nbsp;&nbsp;&nbsp;&nbsp;&nbsp;&nbsp;&nbsp;&nbsp;&nbsp;&nbsp;&nbsp;&nbsp;&nbsp;&nbsp;&nbsp;&nbsp;&nbsp;&nbsp;&nbsp;&nbsp;&nbsp;&nbsp;&nbsp;&nbsp;&nbsp;&nbsp;&nbsp;&nbsp;&nbsp;&nbsp;&nbsp;&nbsp;&nbsp;&nbsp;&nbsp;&nbsp;&nbsp;&nbsp;&nbsp;&nbsp;&nbsp;&nbsp;&nbsp;&nbsp;&nbsp;&nbsp;&nbsp;&nbsp;&nbsp;&nbsp;&nbsp;&nbsp;&nbsp;&nbsp;&nbsp;&nbsp;&nbsp;&nbsp;&nbsp;&nbsp;&nbsp;Predsednik:\n<\/p>\n<p>\n\t<strong>Hribar &Scaron;pela &nbsp;&nbsp;&nbsp;&nbsp;&nbsp;&nbsp;&nbsp;&nbsp;&nbsp;&nbsp;&nbsp;&nbsp;&nbsp;&nbsp;&nbsp;&nbsp;&nbsp;&nbsp;&nbsp;&nbsp;&nbsp;&nbsp;&nbsp;&nbsp;&nbsp;&nbsp;&nbsp;&nbsp;&nbsp;&nbsp;&nbsp;&nbsp;&nbsp;&nbsp;&nbsp;&nbsp;&nbsp;&nbsp;&nbsp;&nbsp;&nbsp;&nbsp;&nbsp;&nbsp;&nbsp;&nbsp;&nbsp;&nbsp;&nbsp;&nbsp;&nbsp;&nbsp;&nbsp;&nbsp;&nbsp;&nbsp;&nbsp;&nbsp;&nbsp;&nbsp;&nbsp;&nbsp;&nbsp;&nbsp;&nbsp;&nbsp;&nbsp;&nbsp;&nbsp;&nbsp;&nbsp;&nbsp;&nbsp;&nbsp;&nbsp;&nbsp;&nbsp;&nbsp;&nbsp;&nbsp;&nbsp;&nbsp;&nbsp;&nbsp;&nbsp;&nbsp;&nbsp;&nbsp;&nbsp;&nbsp;&nbsp;&nbsp;Paternost Pirc Alenka l.r <\/strong>\n<\/p>\n<p>\n\t&nbsp;\n<\/p>\n<p>\n\t&nbsp;\n<\/p>\n<p>\n\t&nbsp;<\/p>\n","protected":false},"excerpt":{"rendered":"<p>PGD DOB, PGD STUDENEC, PGD \u017dEJE-SV. TROJICA \u010cLANI PGD VIR &nbsp; Zadeva: &nbsp;&nbsp;VABILO Vljudno vas vabimo, da se udele\u017eite tradicionalne ma&scaron;e v spomin na pokojne gasilce, ob godu zavetnika gasilcev Sv. Florjana, ki bo v &nbsp; nedeljo, 07.05.2014, ob 9.00 uri V \u017eupnijski cerkvi na Viru. &nbsp; Zbor gasilcev bo ob 8.45 uri, na trgu [&hellip;]<\/p>\n","protected":false},"author":4,"featured_media":0,"comment_status":"closed","ping_status":"closed","sticky":false,"template":"","format":"standard","meta":{"ngg_post_thumbnail":0},"categories":[1],"tags":[],"post_mailing_queue_ids":[],"_links":{"self":[{"href":"http:\/\/www.gasilci-vir.si\/index.php?rest_route=\/wp\/v2\/posts\/4244"}],"collection":[{"href":"http:\/\/www.gasilci-vir.si\/index.php?rest_route=\/wp\/v2\/posts"}],"about":[{"href":"http:\/\/www.gasilci-vir.si\/index.php?rest_route=\/wp\/v2\/types\/post"}],"author":[{"embeddable":true,"href":"http:\/\/www.gasilci-vir.si\/index.php?rest_route=\/wp\/v2\/users\/4"}],"replies":[{"embeddable":true,"href":"http:\/\/www.gasilci-vir.si\/index.php?rest_route=%2Fwp%2Fv2%2Fcomments&post=4244"}],"version-history":[{"count":1,"href":"http:\/\/www.gasilci-vir.si\/index.php?rest_route=\/wp\/v2\/posts\/4244\/revisions"}],"predecessor-version":[{"id":4245,"href":"http:\/\/www.gasilci-vir.si\/index.php?rest_route=\/wp\/v2\/posts\/4244\/revisions\/4245"}],"wp:attachment":[{"href":"http:\/\/www.gasilci-vir.si\/index.php?rest_route=%2Fwp%2Fv2%2Fmedia&parent=4244"}],"wp:term":[{"taxonomy":"category","embeddable":true,"href":"http:\/\/www.gasilci-vir.si\/index.php?rest_route=%2Fwp%2Fv2%2Fcategories&post=4244"},{"taxonomy":"post_tag","embeddable":true,"href":"http:\/\/www.gasilci-vir.si\/index.php?rest_route=%2Fwp%2Fv2%2Ftags&post=4244"}],"curies":[{"name":"wp","href":"https:\/\/api.w.org\/{rel}","templated":true}]}}