{"id":4250,"date":"2017-05-07T21:10:15","date_gmt":"2017-05-07T19:10:15","guid":{"rendered":"http:\/\/www.gasilci-vir.si\/?p=4250"},"modified":"2017-05-07T21:11:27","modified_gmt":"2017-05-07T19:11:27","slug":"4250","status":"publish","type":"post","link":"http:\/\/www.gasilci-vir.si\/?p=4250","title":{"rendered":""},"content":{"rendered":"<p>\n\tRodila se je prijetna nedelja saj je sonce pokukalo skozi oblake.\n<\/p>\n<p>\n\tGasilci smo se prazni\u010dno oblekli in v sve\u010danih uniformah odromali do \u017eupnijskega sveti&scaron;\u010da na Viru. Gasilci smo nedeljo dopoldan posvetili svojemu zavetniku sv. Florjanu. Letos so na&scaron;e praznovanje obogatili in mu dodali slavnostno noto, \u010dlani pgd Dob, Studenec in \u017deje- Sv. Trojica.\n<\/p>\n<p>\n\tS slavnostnim prihodom v hram bogoslu\u017eja smo pri\u010deli sv. Ma&scaron;o. Pri njej smo prejeli poseben blagoslov. Na koncu je sledila standardna gasilska slika.\n<\/p>\n<p>\n\t&nbsp;\n<\/p>\n<p>\n\tNobeno slavje, kaj &scaron;ele gasilsko pa se ne kon\u010da brez dru\u017eenja ob kozar\u010dku, ki si ga je vsak izbral po svojem okusu. Prijeten klepet v dvorani pod cerkvijo na Viru je za\u010dinil pevski vlo\u017eek \u017eupnika, pri katerem smo sodelovali eni lep&scaron;e drugi z manj posluha &ndash; a va\u017een je namen, zato smo zaslu\u017eni vsi prisotni.\n<\/p>\n<p>\n\tHvala vsem za podporo in prijetno praznovanje praznika gasilcev.\n<\/p>\n<p>\n\t&nbsp;\n<\/p>\n<p>\n\tVirski gasilci.\n<\/p>\n<p>\n\t<img decoding=\"async\" loading=\"lazy\" alt=\"\" class=\"alignnone size-medium wp-image-4249\" height=\"225\" src=\"http:\/\/www.gasilci-vir.si\/wp-content\/uploads\/2017\/05\/18402793_10156151472043242_6111220441472335206_n-300x225.jpg\" width=\"300\" srcset=\"http:\/\/www.gasilci-vir.si\/wp-content\/uploads\/2017\/05\/18402793_10156151472043242_6111220441472335206_n-300x225.jpg 300w, http:\/\/www.gasilci-vir.si\/wp-content\/uploads\/2017\/05\/18402793_10156151472043242_6111220441472335206_n-768x576.jpg 768w, http:\/\/www.gasilci-vir.si\/wp-content\/uploads\/2017\/05\/18402793_10156151472043242_6111220441472335206_n.jpg 960w\" sizes=\"(max-width: 300px) 100vw, 300px\" \/> <img decoding=\"async\" loading=\"lazy\" alt=\"\" class=\"alignnone size-medium wp-image-4248\" height=\"225\" src=\"http:\/\/www.gasilci-vir.si\/wp-content\/uploads\/2017\/05\/18342050_10156151472098242_7910206287088186247_n-300x225.jpg\" width=\"300\" srcset=\"http:\/\/www.gasilci-vir.si\/wp-content\/uploads\/2017\/05\/18342050_10156151472098242_7910206287088186247_n-300x225.jpg 300w, http:\/\/www.gasilci-vir.si\/wp-content\/uploads\/2017\/05\/18342050_10156151472098242_7910206287088186247_n-768x576.jpg 768w, http:\/\/www.gasilci-vir.si\/wp-content\/uploads\/2017\/05\/18342050_10156151472098242_7910206287088186247_n.jpg 960w\" sizes=\"(max-width: 300px) 100vw, 300px\" \/><\/p>\n","protected":false},"excerpt":{"rendered":"<p>Rodila se je prijetna nedelja saj je sonce pokukalo skozi oblake. Gasilci smo se prazni\u010dno oblekli in v sve\u010danih uniformah odromali do \u017eupnijskega sveti&scaron;\u010da na Viru. Gasilci smo nedeljo dopoldan posvetili svojemu zavetniku sv. Florjanu. Letos so na&scaron;e praznovanje obogatili in mu dodali slavnostno noto, \u010dlani pgd Dob, Studenec in \u017deje- Sv. Trojica. S slavnostnim [&hellip;]<\/p>\n","protected":false},"author":4,"featured_media":0,"comment_status":"closed","ping_status":"closed","sticky":false,"template":"","format":"standard","meta":{"ngg_post_thumbnail":0},"categories":[1],"tags":[],"post_mailing_queue_ids":[],"_links":{"self":[{"href":"http:\/\/www.gasilci-vir.si\/index.php?rest_route=\/wp\/v2\/posts\/4250"}],"collection":[{"href":"http:\/\/www.gasilci-vir.si\/index.php?rest_route=\/wp\/v2\/posts"}],"about":[{"href":"http:\/\/www.gasilci-vir.si\/index.php?rest_route=\/wp\/v2\/types\/post"}],"author":[{"embeddable":true,"href":"http:\/\/www.gasilci-vir.si\/index.php?rest_route=\/wp\/v2\/users\/4"}],"replies":[{"embeddable":true,"href":"http:\/\/www.gasilci-vir.si\/index.php?rest_route=%2Fwp%2Fv2%2Fcomments&post=4250"}],"version-history":[{"count":2,"href":"http:\/\/www.gasilci-vir.si\/index.php?rest_route=\/wp\/v2\/posts\/4250\/revisions"}],"predecessor-version":[{"id":4252,"href":"http:\/\/www.gasilci-vir.si\/index.php?rest_route=\/wp\/v2\/posts\/4250\/revisions\/4252"}],"wp:attachment":[{"href":"http:\/\/www.gasilci-vir.si\/index.php?rest_route=%2Fwp%2Fv2%2Fmedia&parent=4250"}],"wp:term":[{"taxonomy":"category","embeddable":true,"href":"http:\/\/www.gasilci-vir.si\/index.php?rest_route=%2Fwp%2Fv2%2Fcategories&post=4250"},{"taxonomy":"post_tag","embeddable":true,"href":"http:\/\/www.gasilci-vir.si\/index.php?rest_route=%2Fwp%2Fv2%2Ftags&post=4250"}],"curies":[{"name":"wp","href":"https:\/\/api.w.org\/{rel}","templated":true}]}}