{"id":4517,"date":"2019-10-22T18:17:30","date_gmt":"2019-10-22T16:17:30","guid":{"rendered":"http:\/\/www.gasilci-vir.si\/?p=4517"},"modified":"2019-10-24T19:39:32","modified_gmt":"2019-10-24T17:39:32","slug":"evakuacija-vrtca-palcek-na-viru","status":"publish","type":"post","link":"http:\/\/www.gasilci-vir.si\/?p=4517","title":{"rendered":"Evakuacija vrtca Pal\u010dek na Viru"},"content":{"rendered":"\n<p>V sodelovanju z CZR Dom\u017eale smo ob oktobru &#8211; mesecu po\u017earne vatnosti, obiskali vrtec Pal\u010dek na Viru. Izvedla se je evakuacija otrok in zaposlenih v vrtcu. Po\u017ear smo &#8220;pogasili&#8221; in  pregledali prostore. Po vaji so si otroci in vzgojiteljice lahko ogledali gasilska vozila in opremo, katero uporabljamo na intervencijah. <\/p>\n\n\n\n<p>Na koncu so pa otroci postrojili nas gasilce in nam zapeli pesmico &#8220;gasilec Samo&#8221;. Ganjeni smo se odpeljali in komaj \u010dakamo naslednje leto. NA POMO\u010c<\/p>\n\n\n\n<p>ve\u010d slik si lahko ogledate <a href=\"http:\/\/www.gasilci-vir.si\/wp-admin\/admin.php?page=GrandMedia_Albums&amp;edit_term=6\">TUKA<\/a>J<\/p>\n\n\n\n<p>slike in video Damir Pirc<\/p>\n\n\n\n<figure class=\"wp-block-image\"><img decoding=\"async\" loading=\"lazy\" width=\"1024\" height=\"768\" src=\"http:\/\/www.gasilci-vir.si\/wp-content\/uploads\/2019\/10\/01-1024x768.jpg\" alt=\"\" class=\"wp-image-4512\" srcset=\"http:\/\/www.gasilci-vir.si\/wp-content\/uploads\/2019\/10\/01-1024x768.jpg 1024w, http:\/\/www.gasilci-vir.si\/wp-content\/uploads\/2019\/10\/01-300x225.jpg 300w, http:\/\/www.gasilci-vir.si\/wp-content\/uploads\/2019\/10\/01-768x576.jpg 768w\" sizes=\"(max-width: 1024px) 100vw, 1024px\" \/><\/figure>\n\n\n\n<figure class=\"wp-block-image\"><img decoding=\"async\" loading=\"lazy\" width=\"1024\" height=\"768\" src=\"http:\/\/www.gasilci-vir.si\/wp-content\/uploads\/2019\/10\/02-1-1024x768.jpg\" alt=\"\" class=\"wp-image-4513\" srcset=\"http:\/\/www.gasilci-vir.si\/wp-content\/uploads\/2019\/10\/02-1-1024x768.jpg 1024w, http:\/\/www.gasilci-vir.si\/wp-content\/uploads\/2019\/10\/02-1-300x225.jpg 300w, http:\/\/www.gasilci-vir.si\/wp-content\/uploads\/2019\/10\/02-1-768x576.jpg 768w\" sizes=\"(max-width: 1024px) 100vw, 1024px\" \/><\/figure>\n\n\n\n<figure class=\"wp-block-image\"><a href=\"http:\/\/www.gasilci-vir.si\/wp-content\/uploads\/2019\/10\/03.jpg\"><img decoding=\"async\" loading=\"lazy\" width=\"1024\" height=\"768\" src=\"http:\/\/www.gasilci-vir.si\/wp-content\/uploads\/2019\/10\/03-1024x768.jpg\" alt=\"\" class=\"wp-image-4514\" srcset=\"http:\/\/www.gasilci-vir.si\/wp-content\/uploads\/2019\/10\/03-1024x768.jpg 1024w, http:\/\/www.gasilci-vir.si\/wp-content\/uploads\/2019\/10\/03-300x225.jpg 300w, http:\/\/www.gasilci-vir.si\/wp-content\/uploads\/2019\/10\/03-768x576.jpg 768w\" sizes=\"(max-width: 1024px) 100vw, 1024px\" \/><\/a><\/figure>\n","protected":false},"excerpt":{"rendered":"<p>V sodelovanju z CZR Dom\u017eale smo ob oktobru &#8211; mesecu po\u017earne vatnosti, obiskali vrtec Pal\u010dek na Viru. Izvedla se je evakuacija otrok in zaposlenih v vrtcu. Po\u017ear smo &#8220;pogasili&#8221; in pregledali prostore. Po vaji so si otroci in vzgojiteljice lahko ogledali gasilska vozila in opremo, katero uporabljamo na intervencijah. Na koncu so pa otroci postrojili [&hellip;]<\/p>\n","protected":false},"author":4,"featured_media":0,"comment_status":"closed","ping_status":"closed","sticky":false,"template":"","format":"standard","meta":{"ngg_post_thumbnail":0},"categories":[1],"tags":[],"post_mailing_queue_ids":[],"_links":{"self":[{"href":"http:\/\/www.gasilci-vir.si\/index.php?rest_route=\/wp\/v2\/posts\/4517"}],"collection":[{"href":"http:\/\/www.gasilci-vir.si\/index.php?rest_route=\/wp\/v2\/posts"}],"about":[{"href":"http:\/\/www.gasilci-vir.si\/index.php?rest_route=\/wp\/v2\/types\/post"}],"author":[{"embeddable":true,"href":"http:\/\/www.gasilci-vir.si\/index.php?rest_route=\/wp\/v2\/users\/4"}],"replies":[{"embeddable":true,"href":"http:\/\/www.gasilci-vir.si\/index.php?rest_route=%2Fwp%2Fv2%2Fcomments&post=4517"}],"version-history":[{"count":13,"href":"http:\/\/www.gasilci-vir.si\/index.php?rest_route=\/wp\/v2\/posts\/4517\/revisions"}],"predecessor-version":[{"id":4723,"href":"http:\/\/www.gasilci-vir.si\/index.php?rest_route=\/wp\/v2\/posts\/4517\/revisions\/4723"}],"wp:attachment":[{"href":"http:\/\/www.gasilci-vir.si\/index.php?rest_route=%2Fwp%2Fv2%2Fmedia&parent=4517"}],"wp:term":[{"taxonomy":"category","embeddable":true,"href":"http:\/\/www.gasilci-vir.si\/index.php?rest_route=%2Fwp%2Fv2%2Fcategories&post=4517"},{"taxonomy":"post_tag","embeddable":true,"href":"http:\/\/www.gasilci-vir.si\/index.php?rest_route=%2Fwp%2Fv2%2Ftags&post=4517"}],"curies":[{"name":"wp","href":"https:\/\/api.w.org\/{rel}","templated":true}]}}