{"id":939,"date":"2013-12-02T11:19:15","date_gmt":"2013-12-02T09:19:15","guid":{"rendered":"http:\/\/www.gasilci-vir.si\/?p=939"},"modified":"2013-12-02T11:19:15","modified_gmt":"2013-12-02T09:19:15","slug":"prato","status":"publish","type":"post","link":"http:\/\/www.gasilci-vir.si\/?p=939","title":{"rendered":"Prato"},"content":{"rendered":"<p>\n\t&nbsp;\n<\/p>\n<p>\n\t&nbsp;\n<\/p>\n<p>\n\t&nbsp;\n<\/p>\n<p>\n\tV tekstilni tovarni v mestu Prato v italijanski Toskani je zagorelo. V po\u017earu je umrlo najmanj sedem oseb, tri so po&scaron;kodovane. Vzrok po\u017eara &scaron;e ni znan. Zaradi po\u017eara naj bi se poru&scaron;il del stavbe, v katerem bivajo delavci.\n<\/p>\n<p>\n\t<img decoding=\"async\" alt=\"Prizori ga\u0161enja po\u017eara v Pratu.\" src=\"http:\/\/images0.zurnal24.si\/slika-600x340f-1385922914-969865.jpg\" style=\"opacity: 1;\" \/>\n<\/p>\n<p>\n\tPo\u017ear so okoli 7. ure zjutraj opazil mimoido\u010di, nakar so na kraj dogodka prispeli gasilci. Po poro\u010danju agencije Reuters je umrlo najmanj sedem oseb, tri so po&scaron;kodovane.\n<\/p>\n<p>\n\t<em>&quot;Videli smo dim in stekli proti njemu. Tam sta bila dva Kitajca, mo&scaron;ki in \u017eenska, popolnoma prekrita s sajami. Kri\u010dala sta, v tovarni je gorelo,&quot;<\/em> je za \u010dasopis Corriere Fiorentino dejal policist <strong>Leonardo Tucia<\/strong>.\n<\/p>\n<p>\n\tNacionalnost preminulih sicer &scaron;e ni uradno potrjena, domneva pa se, da naj bi prav tako &scaron;lo za Kitajce, saj naj bi v neposredni bli\u017eini obrata \u017eivelo 14 kitajskih delavcev.\n<\/p>\n<p>\n\tVzrok po\u017eara &scaron;e ni znan, domnevajo pa, da se je zaradi po\u017eara poru&scaron;il del stavbe, v katerem so bili urejeni bivalni prostori za delavce.\n<\/p>\n<p>\n\tKitajski priseljenci so \u017ee dve desetletji pomemben \u010dlen tekstilne industrije v Pratu. Po uradnih podatkih iz leta 2010 jih tam \u017eivi okoli 17.000, lokalni viri pa trdijo, da naj bi jih bilo mnogo ve\u010d, in sicer okoli 50.000.\n<\/p>\n<p>\n\tVir <a href=\"http:\/\/www.24ur.com\/ogenj-zajel-tekstilno-tovarno-stiri-osebe-umrle.html\">24UR<\/a><\/p>\n","protected":false},"excerpt":{"rendered":"<p>&nbsp; &nbsp; &nbsp; V tekstilni tovarni v mestu Prato v italijanski Toskani je zagorelo. V po\u017earu je umrlo najmanj sedem oseb, tri so po&scaron;kodovane. Vzrok po\u017eara &scaron;e ni znan. Zaradi po\u017eara naj bi se poru&scaron;il del stavbe, v katerem bivajo delavci. Po\u017ear so okoli 7. ure zjutraj opazil mimoido\u010di, nakar so na kraj dogodka prispeli [&hellip;]<\/p>\n","protected":false},"author":4,"featured_media":0,"comment_status":"open","ping_status":"closed","sticky":false,"template":"","format":"standard","meta":{"ngg_post_thumbnail":0},"categories":[1],"tags":[],"post_mailing_queue_ids":[],"_links":{"self":[{"href":"http:\/\/www.gasilci-vir.si\/index.php?rest_route=\/wp\/v2\/posts\/939"}],"collection":[{"href":"http:\/\/www.gasilci-vir.si\/index.php?rest_route=\/wp\/v2\/posts"}],"about":[{"href":"http:\/\/www.gasilci-vir.si\/index.php?rest_route=\/wp\/v2\/types\/post"}],"author":[{"embeddable":true,"href":"http:\/\/www.gasilci-vir.si\/index.php?rest_route=\/wp\/v2\/users\/4"}],"replies":[{"embeddable":true,"href":"http:\/\/www.gasilci-vir.si\/index.php?rest_route=%2Fwp%2Fv2%2Fcomments&post=939"}],"version-history":[{"count":1,"href":"http:\/\/www.gasilci-vir.si\/index.php?rest_route=\/wp\/v2\/posts\/939\/revisions"}],"predecessor-version":[{"id":940,"href":"http:\/\/www.gasilci-vir.si\/index.php?rest_route=\/wp\/v2\/posts\/939\/revisions\/940"}],"wp:attachment":[{"href":"http:\/\/www.gasilci-vir.si\/index.php?rest_route=%2Fwp%2Fv2%2Fmedia&parent=939"}],"wp:term":[{"taxonomy":"category","embeddable":true,"href":"http:\/\/www.gasilci-vir.si\/index.php?rest_route=%2Fwp%2Fv2%2Fcategories&post=939"},{"taxonomy":"post_tag","embeddable":true,"href":"http:\/\/www.gasilci-vir.si\/index.php?rest_route=%2Fwp%2Fv2%2Ftags&post=939"}],"curies":[{"name":"wp","href":"https:\/\/api.w.org\/{rel}","templated":true}]}}