{"id":941,"date":"2013-12-02T11:44:10","date_gmt":"2013-12-02T09:44:10","guid":{"rendered":"http:\/\/www.gasilci-vir.si\/?p=941"},"modified":"2013-12-03T11:46:29","modified_gmt":"2013-12-03T09:46:29","slug":"ravne-na-koroskem","status":"publish","type":"post","link":"http:\/\/www.gasilci-vir.si\/?p=941","title":{"rendered":"Ravne na Koro\u0161kem"},"content":{"rendered":"<p>\n\tV soboto je ogenj&nbsp; zajel kmetijo na Stra\u017ei&scaron;\u010du v bli\u017eini Raven na Koro&scaron;kem. Sosed je pred ognjenimi zublji uspel re&scaron;iti lastnika in \u017eivali. Kljub hitremu posredovanju pa gasilci niso uspeli prepre\u010diti, da ne bi skoraj povsem pogorela tako stanovanjski kot gospodarski objekt.\n<\/p>\n<p>\n\t<a href=\"http:\/\/www.24ur.com\/zagorela-kmetija-v-blizini-raven-na-koroskem.html#video\"><img decoding=\"async\" loading=\"lazy\" alt=\"Ognjeni zublji zajeli kmetijo na Stra\u017ei\u0161\u010du\" border=\"0\" class=\"img\" height=\"185\" src=\"http:\/\/images.24ur.com\/media\/images\/114x76\/Nov2013\/61352126.jpg?ef99\" style=\"width: 181px; height: 156px;\" title=\"Ognjeni zublji zajeli kmetijo na Stra\u017ei\u0161\u010du\" width=\"338\" \/><\/a>\n<\/p>\n<p>\n\tOb 9.22 sta zagorela stanovanjska hi&scaron;a in gospodarsko poslopje kmetije na Stra\u017ei&scaron;\u010du, ki le\u017eita na hribu nad \u017eelezarno na Ravnah na Koro&scaron;kem.\n<\/p>\n<p>\n\tPo informacijah Policijske uprave Celje sta skoraj povsem pogorela tako stanovanjski kot gospodarski objekt. Po&scaron;kodovanih k sre\u010di ni bilo.\n<\/p>\n<p>\n\tBralec nam je sporo\u010dil, da je ogenj zajel kmetijo \u010ci\u010dman, pogumni sosed pa naj bi pred ognjenimi zublji re&scaron;il lastnika doma\u010dije in \u017eivali.\n<\/p>\n<p>\n\tUprava RS za za&scaron;\u010dito in re&scaron;evanje poro\u010da, da je ogenj pogasilo 62 gasilcev PGD Ravne, Kotlje, Prevalje in Me\u017eica, ter &scaron;est poklicnih gasilcev KGZ Ravne na Koro&scaron;ke.\n<\/p>\n<p>\n\t&Scaron;ele natan\u010den pregled bo pokazal, kaj je povzro\u010dilo po\u017ear in kolik&scaron;na bo &scaron;koda.\n<\/p>\n<p>\n\tfoto in video <a href=\"http:\/\/www.24ur.com\/zagorela-kmetija-v-blizini-raven-na-koroskem.html\">24UR<\/a>\n<\/p>\n<p>\n\tTukaj pa posnetek na&scaron;ih kolegov iz PGD Prevalje iz vo\u017enje na to <a href=\"http:\/\/www.youtube.com\/watch?v=_723AoakmTU&amp;feature=share\">INTERVENCIJO<\/a><\/p>\n","protected":false},"excerpt":{"rendered":"<p>V soboto je ogenj&nbsp; zajel kmetijo na Stra\u017ei&scaron;\u010du v bli\u017eini Raven na Koro&scaron;kem. Sosed je pred ognjenimi zublji uspel re&scaron;iti lastnika in \u017eivali. Kljub hitremu posredovanju pa gasilci niso uspeli prepre\u010diti, da ne bi skoraj povsem pogorela tako stanovanjski kot gospodarski objekt. Ob 9.22 sta zagorela stanovanjska hi&scaron;a in gospodarsko poslopje kmetije na Stra\u017ei&scaron;\u010du, ki [&hellip;]<\/p>\n","protected":false},"author":4,"featured_media":0,"comment_status":"open","ping_status":"closed","sticky":false,"template":"","format":"standard","meta":{"ngg_post_thumbnail":0},"categories":[1],"tags":[],"post_mailing_queue_ids":[],"_links":{"self":[{"href":"http:\/\/www.gasilci-vir.si\/index.php?rest_route=\/wp\/v2\/posts\/941"}],"collection":[{"href":"http:\/\/www.gasilci-vir.si\/index.php?rest_route=\/wp\/v2\/posts"}],"about":[{"href":"http:\/\/www.gasilci-vir.si\/index.php?rest_route=\/wp\/v2\/types\/post"}],"author":[{"embeddable":true,"href":"http:\/\/www.gasilci-vir.si\/index.php?rest_route=\/wp\/v2\/users\/4"}],"replies":[{"embeddable":true,"href":"http:\/\/www.gasilci-vir.si\/index.php?rest_route=%2Fwp%2Fv2%2Fcomments&post=941"}],"version-history":[{"count":4,"href":"http:\/\/www.gasilci-vir.si\/index.php?rest_route=\/wp\/v2\/posts\/941\/revisions"}],"predecessor-version":[{"id":957,"href":"http:\/\/www.gasilci-vir.si\/index.php?rest_route=\/wp\/v2\/posts\/941\/revisions\/957"}],"wp:attachment":[{"href":"http:\/\/www.gasilci-vir.si\/index.php?rest_route=%2Fwp%2Fv2%2Fmedia&parent=941"}],"wp:term":[{"taxonomy":"category","embeddable":true,"href":"http:\/\/www.gasilci-vir.si\/index.php?rest_route=%2Fwp%2Fv2%2Fcategories&post=941"},{"taxonomy":"post_tag","embeddable":true,"href":"http:\/\/www.gasilci-vir.si\/index.php?rest_route=%2Fwp%2Fv2%2Ftags&post=941"}],"curies":[{"name":"wp","href":"https:\/\/api.w.org\/{rel}","templated":true}]}}